{"id":157692,"date":"2024-08-07T10:47:46","date_gmt":"2024-08-07T13:47:46","guid":{"rendered":"https:\/\/corrientesdetarde.com\/?p=157692"},"modified":"2024-08-07T10:47:51","modified_gmt":"2024-08-07T13:47:51","slug":"di-maria-extendio-su-contrato-y-jugara-un-ano-mas-en-benfica","status":"publish","type":"post","link":"https:\/\/corrientesdetarde.com\/index.php\/deportes\/di-maria-extendio-su-contrato-y-jugara-un-ano-mas-en-benfica\/","title":{"rendered":"Di Mar\u00eda extendi\u00f3 su contrato y jugar\u00e1 un a\u00f1o m\u00e1s en Benfica"},"content":{"rendered":"\n<p>El delantero ampli\u00f3 su v\u00ednculo con el conjunto portugu\u00e9s hasta mediados de 2025.<\/p>\n\n\n\n<p>El delantero<strong>&nbsp;Angel Di Mar\u00eda,&nbsp;<\/strong>campe\u00f3n mundial con la Selecci\u00f3n, extendi\u00f3 este martes, su contrato con&nbsp;<strong>el Benfica de Portugal&nbsp;<\/strong>y jugar\u00e1 all\u00ed hasta mediados de 2025.<\/p>\n\n\n\n<p><strong>El futbolista<\/strong>\u00a0pos\u00f3 para las redes sociales del club junto al presidente del club portugu\u00e9s, Rui Costa, para anunciar la ampliaci\u00f3n del contrato y<strong>\u00a0se prepara para disputar su quinta temporada con la instituci\u00f3n,\u00a0<\/strong>con la que ya cuatro t\u00edtulos en las que se encuentran: dos Copas de la Liga de Portugal, una Liga y una Supercopa.<\/p>\n\n\n\n<figure class=\"wp-block-image size-full\"><img loading=\"lazy\" decoding=\"async\" width=\"778\" height=\"469\" src=\"https:\/\/corrientesdetarde.com\/wp-content\/uploads\/2024\/08\/image-214.png\" alt=\"\" class=\"wp-image-157693\" srcset=\"https:\/\/corrientesdetarde.com\/wp-content\/uploads\/2024\/08\/image-214.png 778w, https:\/\/corrientesdetarde.com\/wp-content\/uploads\/2024\/08\/image-214-300x181.png 300w, https:\/\/corrientesdetarde.com\/wp-content\/uploads\/2024\/08\/image-214-768x463.png 768w\" sizes=\"auto, (max-width: 778px) 100vw, 778px\" \/><\/figure>\n\n\n\n<p><\/p>\n\n\n\n<p>El bicampe\u00f3n de Am\u00e9rica, ten\u00eda el sue\u00f1o de poder volver a vestir la camiseta de Rosario Central, lugar donde inici\u00f3 su carrera profesional, pero<strong>&nbsp;tras recibir varias amenazas&nbsp;<\/strong>hacia \u00e9l y sus familiares, decidi\u00f3 no volver al pa\u00eds argentino y quedarse en Portugal.<\/p>\n\n\n\n<p><strong>La m\u00e1s intimidante fue dirigida hacia la hija del futbolista,<\/strong>&nbsp;en la inmobiliaria de la hermana, donde le dejaron una cabeza de cerdo con una bala en la frente y un mensaje que dec\u00eda: &#8220;<strong>Si volv\u00e9s, la pr\u00f3xima, es la de P\u00eda. Hac\u00e9 caso y no vengas. Nosotros no tiramos papelitos. Tiramos tiros y muerto&#8221;.<\/strong><\/p>\n\n\n\n<p>Ante esta situaci\u00f3n,<strong>&nbsp;Di Mar\u00eda opt\u00f3 por la seguridad de su familia&nbsp;<\/strong>y no quiso arriesgarse a que pueda suceder algo tr\u00e1gico. \u201c&#8221;La decisi\u00f3n de no volver la tom\u00e9 yo, despu\u00e9s de que pas\u00f3 la primera amenaza. Estaba en Estados Unidos con la Selecci\u00f3n y ah\u00ed dije que era imposible, eso fue el 25 de marzo\u201d, declar\u00f3 el futbolista en una entrevista con Rosario 3.<\/p>\n\n\n\n<p>El ex Real Madrid, mostr\u00f3 su entusiasmo por seguir formando parte de Las \u00c1guilas y les dej\u00f3 un sentido mensaje a los hinchas. \u201cEst\u00e1n siempre en todo momento, apoy\u00e1ndonos para poder lograr los objetivos. Este a\u00f1o va a ser muy especial, ustedes van a estar con nosotros y nosotros con ustedes. Todo suma\u201d.<\/p>\n","protected":false},"excerpt":{"rendered":"<p>El delantero ampli\u00f3 su v\u00ednculo con el conjunto portugu\u00e9s hasta mediados de 2025. El delantero&nbsp;Angel Di Mar\u00eda,&nbsp;campe\u00f3n mundial con la Selecci\u00f3n, extendi\u00f3 este martes, su contrato con&nbsp;el Benfica de Portugal&nbsp;y&hellip; <\/p>\n","protected":false},"author":4,"featured_media":157694,"comment_status":"closed","ping_status":"open","sticky":false,"template":"","format":"standard","meta":{"footnotes":""},"categories":[4],"tags":[],"class_list":["post-157692","post","type-post","status-publish","format-standard","has-post-thumbnail","hentry","category-deportes"],"_links":{"self":[{"href":"https:\/\/corrientesdetarde.com\/index.php\/wp-json\/wp\/v2\/posts\/157692","targetHints":{"allow":["GET"]}}],"collection":[{"href":"https:\/\/corrientesdetarde.com\/index.php\/wp-json\/wp\/v2\/posts"}],"about":[{"href":"https:\/\/corrientesdetarde.com\/index.php\/wp-json\/wp\/v2\/types\/post"}],"author":[{"embeddable":true,"href":"https:\/\/corrientesdetarde.com\/index.php\/wp-json\/wp\/v2\/users\/4"}],"replies":[{"embeddable":true,"href":"https:\/\/corrientesdetarde.com\/index.php\/wp-json\/wp\/v2\/comments?post=157692"}],"version-history":[{"count":1,"href":"https:\/\/corrientesdetarde.com\/index.php\/wp-json\/wp\/v2\/posts\/157692\/revisions"}],"predecessor-version":[{"id":157695,"href":"https:\/\/corrientesdetarde.com\/index.php\/wp-json\/wp\/v2\/posts\/157692\/revisions\/157695"}],"wp:featuredmedia":[{"embeddable":true,"href":"https:\/\/corrientesdetarde.com\/index.php\/wp-json\/wp\/v2\/media\/157694"}],"wp:attachment":[{"href":"https:\/\/corrientesdetarde.com\/index.php\/wp-json\/wp\/v2\/media?parent=157692"}],"wp:term":[{"taxonomy":"category","embeddable":true,"href":"https:\/\/corrientesdetarde.com\/index.php\/wp-json\/wp\/v2\/categories?post=157692"},{"taxonomy":"post_tag","embeddable":true,"href":"https:\/\/corrientesdetarde.com\/index.php\/wp-json\/wp\/v2\/tags?post=157692"}],"curies":[{"name":"wp","href":"https:\/\/api.w.org\/{rel}","templated":true}]}}