{"id":157699,"date":"2024-08-07T10:55:53","date_gmt":"2024-08-07T13:55:53","guid":{"rendered":"https:\/\/corrientesdetarde.com\/?p=157699"},"modified":"2024-08-07T10:55:58","modified_gmt":"2024-08-07T13:55:58","slug":"ministro-venezolano-de-defensa-dijo-que-se-contuvo-un-golpe-de-estado-en-desarrollo","status":"publish","type":"post","link":"https:\/\/corrientesdetarde.com\/index.php\/internacionales\/ministro-venezolano-de-defensa-dijo-que-se-contuvo-un-golpe-de-estado-en-desarrollo\/","title":{"rendered":"Ministro venezolano de Defensa dijo que se contuvo &#8220;un golpe de Estado en desarrollo&#8221;"},"content":{"rendered":"\n<p>Vladimir Padrino L\u00f3pez acus\u00f3 a los &#8220;esclavos del imperio norteamericano&#8221;.<\/p>\n\n\n\n<p>El ministro venezolano de Defensa<strong>, Vladimir Padrino L\u00f3pez<\/strong>, afirm\u00f3 hoy martes que fuerzas las<br>militares y policiales del pa\u00eds est\u00e1n<strong>&nbsp;&#8220;frenando un golpe de Estado en desarrollo&#8221;.<\/strong><\/p>\n\n\n\n<p>&#8220;Un golpe de Estado que fue montado como una<strong>&nbsp;gran operaci\u00f3n de informaci\u00f3n,<\/strong>&nbsp;de operaciones psicol\u00f3gicas y de ataques cibern\u00e9ticos que configura todo ello en una guerra cognitiva&#8221;, enfatiz\u00f3<strong>&nbsp;Padrino L\u00f3pez&nbsp;<\/strong>durante la lectura de un comunicado conjunto con la Fuerza Armada Nacional Bolivariana (FANB) y los cuerpos policiales de Venezuela.<\/p>\n\n\n\n<p><strong>Indic\u00f3 que<\/strong>&nbsp;<strong>&#8220;esclavos del imperio norteamericano han servido de quinta columna aqu\u00ed en Venezuela para destruir, para dividir, para socavar las bases del Estado&#8221;.<\/strong><\/p>\n\n\n\n<p>El comunicado conjunto fue emitido a prop\u00f3sito de la difusi\u00f3n de un escrito divulgado en redes sociales por el ex candidato presidencial de oposici\u00f3n&nbsp;<strong>Edmundo Gonz\u00e1lez&nbsp;<\/strong>y la dirigente&nbsp;<br>opositora&nbsp;<strong>Mar\u00eda Corina Machado.<\/strong><\/p>\n\n\n\n<p>&#8220;Rechazamos contundentemente los&nbsp;<strong>desesperados y sediciosos planteamientos&nbsp;<\/strong>contenidos en un escrito publicado en las redes sociales, el d\u00eda de ayer 5 de agosto, por parte del se\u00f1or Edmundo Gonz\u00e1lez Urrutia, ex candidato presidencial y la ultraderechista Mar\u00eda Corina Machado&#8221;, precis\u00f3 el ministro de Defensa.<\/p>\n\n\n\n<p>Record\u00f3 que el pasado 28 de julio, el pueblo venezolano &#8220;vot\u00f3 por la paz&#8221;, pero hay sectores extremistas que quieren empa\u00f1ar el proceso electoral.<\/p>\n","protected":false},"excerpt":{"rendered":"<p>Vladimir Padrino L\u00f3pez acus\u00f3 a los &#8220;esclavos del imperio norteamericano&#8221;. El ministro venezolano de Defensa, Vladimir Padrino L\u00f3pez, afirm\u00f3 hoy martes que fuerzas lasmilitares y policiales del pa\u00eds est\u00e1n&nbsp;&#8220;frenando un&hellip; <\/p>\n","protected":false},"author":4,"featured_media":157700,"comment_status":"closed","ping_status":"open","sticky":false,"template":"","format":"standard","meta":{"footnotes":""},"categories":[11],"tags":[],"class_list":["post-157699","post","type-post","status-publish","format-standard","has-post-thumbnail","hentry","category-internacionales"],"_links":{"self":[{"href":"https:\/\/corrientesdetarde.com\/index.php\/wp-json\/wp\/v2\/posts\/157699","targetHints":{"allow":["GET"]}}],"collection":[{"href":"https:\/\/corrientesdetarde.com\/index.php\/wp-json\/wp\/v2\/posts"}],"about":[{"href":"https:\/\/corrientesdetarde.com\/index.php\/wp-json\/wp\/v2\/types\/post"}],"author":[{"embeddable":true,"href":"https:\/\/corrientesdetarde.com\/index.php\/wp-json\/wp\/v2\/users\/4"}],"replies":[{"embeddable":true,"href":"https:\/\/corrientesdetarde.com\/index.php\/wp-json\/wp\/v2\/comments?post=157699"}],"version-history":[{"count":1,"href":"https:\/\/corrientesdetarde.com\/index.php\/wp-json\/wp\/v2\/posts\/157699\/revisions"}],"predecessor-version":[{"id":157701,"href":"https:\/\/corrientesdetarde.com\/index.php\/wp-json\/wp\/v2\/posts\/157699\/revisions\/157701"}],"wp:featuredmedia":[{"embeddable":true,"href":"https:\/\/corrientesdetarde.com\/index.php\/wp-json\/wp\/v2\/media\/157700"}],"wp:attachment":[{"href":"https:\/\/corrientesdetarde.com\/index.php\/wp-json\/wp\/v2\/media?parent=157699"}],"wp:term":[{"taxonomy":"category","embeddable":true,"href":"https:\/\/corrientesdetarde.com\/index.php\/wp-json\/wp\/v2\/categories?post=157699"},{"taxonomy":"post_tag","embeddable":true,"href":"https:\/\/corrientesdetarde.com\/index.php\/wp-json\/wp\/v2\/tags?post=157699"}],"curies":[{"name":"wp","href":"https:\/\/api.w.org\/{rel}","templated":true}]}}