{"id":157702,"date":"2024-08-07T11:13:27","date_gmt":"2024-08-07T14:13:27","guid":{"rendered":"https:\/\/corrientesdetarde.com\/?p=157702"},"modified":"2024-08-07T11:13:38","modified_gmt":"2024-08-07T14:13:38","slug":"fabiola-yanez-dice-que-tiene-mas-fotos-y-pruebas-contra-alberto-fernandez","status":"publish","type":"post","link":"https:\/\/corrientesdetarde.com\/index.php\/politica\/fabiola-yanez-dice-que-tiene-mas-fotos-y-pruebas-contra-alberto-fernandez\/","title":{"rendered":"Fabiola Ya\u00f1ez dice que tiene m\u00e1s fotos y pruebas contra Alberto Fern\u00e1ndez"},"content":{"rendered":"\n<p>La ex primera dama denunci\u00f3 ayer al ex presidente ante la Justicia por violencia f\u00edsica y hostigamiento. El juez Ercolini le prohibi\u00f3 la salida del pa\u00eds al ex mandatario y le orden\u00f3 que no se comunique con su ex pareja. \u00bfC\u00f3mo sigue la causa?.<\/p>\n\n\n\n<p>Fabiola Ya\u00f1ez no le avis\u00f3 nadie lo que iba a hacer. Ayer, cerca de las 12 del mediod\u00eda (hora de Argentina), tom\u00f3 su tel\u00e9fono y llam\u00f3 al n\u00famero fijo de la secretaria privada del juez federal Juli\u00e1n Ercolini. Pidi\u00f3 hablar con el magistrado. &#8220;No aguanto m\u00e1s, quiero hacer la denuncia&#8221;, lanz\u00f3 la ex primera dama apenas le contest\u00f3. Apenas diez minutos despu\u00e9s, comenz\u00f3 una audiencia formal que deriv\u00f3 en una denuncia penal contra el ex presidente Alberto Fern\u00e1ndez por violencia f\u00edsica y hostigamiento.<\/p>\n\n\n\n<p>En la audiencia, que dur\u00f3 cerca de 40 minutos, Ya\u00f1ez no aport\u00f3 m\u00e1s detalles de las agresiones. Pero su abogado, Juan Pablo Fioribello, dijo luego que tiene m\u00e1s fotos y pruebas para aportar ante la Justicia. La madre de la ex primera dama, aseguran, tambi\u00e9n podr\u00eda sumar su testimonio.<\/p>\n\n\n\n<p>&nbsp;<br>La causa que conmovi\u00f3 al pa\u00eds comenz\u00f3 con una serie de mensajes encontrados en el celular de Mar\u00eda Cantero, ex secretaria de Alberto Fern\u00e1ndez, en el marco de la investigaci\u00f3n por los seguros. En una de esas conversaciones, Ya\u00f1ez le relat\u00f3 a Cantero supuestos actos de violencia. Alberto Fern\u00e1ndez nunca se enter\u00f3 de ese intercambio, seg\u00fan dej\u00f3 trascender en las \u00faltimas horas. &#8220;Se sorprendi\u00f3 porque Mar\u00eda y Fabiola no era amigas, y mucho menos confidentes&#8221;, cont\u00f3 un allegado.<\/p>\n\n\n\n<p>&nbsp;Ercolini resguard\u00f3 esos chats en un legajo reservado, notific\u00f3 a la Oficina de Violencia de G\u00e9nero de la Corte Suprema, y luego convoc\u00f3 a la ex primera dama a una audiencia por videoconferencia desde Madrid, ciudad donde sigue viviendo. Ya\u00f1ez escuch\u00f3 la descripci\u00f3n del juez pero rechaz\u00f3 hacer la denuncia penal. El juez no tuvo otra opci\u00f3n que archivarla. Eso ocurri\u00f3 el 1 de julio.<\/p>\n\n\n\n<p>&nbsp;<br>La situaci\u00f3n comenz\u00f3 a cambiar este domingo, cuando el diario Clar\u00edn revel\u00f3 que la existencia de esos chats e incluso fotos que confirmar\u00edan varios episodios de agresiones f\u00edsicas de Alberto Fern\u00e1ndez hacia su ex pareja.<\/p>\n\n\n\n<p>&nbsp;<br>A partir de ese momento, los protagonistas de esta historia volvieron a comunicarse, seg\u00fan pudo saber este medio. En la audiencia con el juez, Ya\u00f1ez dio a entender que el ex presidente le estaba escribiendo y la llamaba por tel\u00e9fono para que no haga la denuncia. No lo logr\u00f3.<\/p>\n\n\n\n<p>Ya\u00f1ez confirm\u00f3 adem\u00e1s los hechos de violencia f\u00edsica que figuran en los chats con Mar\u00eda Cantero y prometi\u00f3 dar precisiones m\u00e1s adelante. En la audiencia, la ex primera dama dijo que Fern\u00e1ndez la estaba &#8220;hostigando psicol\u00f3gicamente&#8221;. Tambi\u00e9n habl\u00f3 de &#8220;terrorismo psicol\u00f3gico&#8221; y de &#8220;acoso telef\u00f3nico&#8221;. &#8220;El presunto agresor se contactaba mediante mensajes telef\u00f3nicos amedrent\u00e1ndola psicol\u00f3gicamente&#8221;, explic\u00f3 el juez en una breve resoluci\u00f3n de seis carillas.<\/p>\n\n\n\n<p>Ercolini confirm\u00f3 ayer que en los chats de Cantero &#8220;surgieron conversaciones e im\u00e1genes que indicar\u00edan la posible comisi\u00f3n del delito de lesiones leves en un contexto de violencia de g\u00e9nero&#8221;. Esos mensajes ser\u00edan de dos fechas distintas. Eso indicar\u00eda que hubo m\u00e1s de una agresi\u00f3n.<\/p>\n\n\n\n<p>Luego de escuchar el relato de Ya\u00f1ez, el juez decidi\u00f3 tomar varias medidas urgentes. En primer lugar le prohibi\u00f3 la salida del pa\u00eds a Alberto Fern\u00e1ndez y adem\u00e1s orden\u00f3 &#8220;medidas de restricci\u00f3n y protecci\u00f3n&#8221;. A partir de ahora, los contactos con el hijo de ambos deber\u00e1n ser a trav\u00e9s de la mam\u00e1 de Ya\u00f1ez.<\/p>\n\n\n\n<p>Concretamente, el juez le prohibi\u00f3 al ex presidente &#8220;todo tipo de contacto f\u00edsico, telef\u00f3nico -por l\u00ednea fija y\/o celular-, por correo electr\u00f3nico, sistema de mensajer\u00eda de texto y\/o voz a trav\u00e9s de cualquier plataforma, por v\u00eda de terceras personas y\/o por cualquier otro medio que signifique intromisi\u00f3n injustificada con relaci\u00f3n a la persona nombrada&#8221;.<\/p>\n","protected":false},"excerpt":{"rendered":"<p>La ex primera dama denunci\u00f3 ayer al ex presidente ante la Justicia por violencia f\u00edsica y hostigamiento. El juez Ercolini le prohibi\u00f3 la salida del pa\u00eds al ex mandatario y&hellip; <\/p>\n","protected":false},"author":4,"featured_media":157703,"comment_status":"closed","ping_status":"open","sticky":false,"template":"","format":"standard","meta":{"footnotes":""},"categories":[3],"tags":[],"class_list":["post-157702","post","type-post","status-publish","format-standard","has-post-thumbnail","hentry","category-politica"],"_links":{"self":[{"href":"https:\/\/corrientesdetarde.com\/index.php\/wp-json\/wp\/v2\/posts\/157702","targetHints":{"allow":["GET"]}}],"collection":[{"href":"https:\/\/corrientesdetarde.com\/index.php\/wp-json\/wp\/v2\/posts"}],"about":[{"href":"https:\/\/corrientesdetarde.com\/index.php\/wp-json\/wp\/v2\/types\/post"}],"author":[{"embeddable":true,"href":"https:\/\/corrientesdetarde.com\/index.php\/wp-json\/wp\/v2\/users\/4"}],"replies":[{"embeddable":true,"href":"https:\/\/corrientesdetarde.com\/index.php\/wp-json\/wp\/v2\/comments?post=157702"}],"version-history":[{"count":1,"href":"https:\/\/corrientesdetarde.com\/index.php\/wp-json\/wp\/v2\/posts\/157702\/revisions"}],"predecessor-version":[{"id":157704,"href":"https:\/\/corrientesdetarde.com\/index.php\/wp-json\/wp\/v2\/posts\/157702\/revisions\/157704"}],"wp:featuredmedia":[{"embeddable":true,"href":"https:\/\/corrientesdetarde.com\/index.php\/wp-json\/wp\/v2\/media\/157703"}],"wp:attachment":[{"href":"https:\/\/corrientesdetarde.com\/index.php\/wp-json\/wp\/v2\/media?parent=157702"}],"wp:term":[{"taxonomy":"category","embeddable":true,"href":"https:\/\/corrientesdetarde.com\/index.php\/wp-json\/wp\/v2\/categories?post=157702"},{"taxonomy":"post_tag","embeddable":true,"href":"https:\/\/corrientesdetarde.com\/index.php\/wp-json\/wp\/v2\/tags?post=157702"}],"curies":[{"name":"wp","href":"https:\/\/api.w.org\/{rel}","templated":true}]}}