{"id":157711,"date":"2024-08-07T11:43:11","date_gmt":"2024-08-07T14:43:11","guid":{"rendered":"https:\/\/corrientesdetarde.com\/?p=157711"},"modified":"2024-08-07T11:43:24","modified_gmt":"2024-08-07T14:43:24","slug":"puigdemont-regresa-a-espana-he-emprendido-el-viaje-de-retorno-desde-el-exilio","status":"publish","type":"post","link":"https:\/\/corrientesdetarde.com\/index.php\/internacionales\/puigdemont-regresa-a-espana-he-emprendido-el-viaje-de-retorno-desde-el-exilio\/","title":{"rendered":"Puigdemont regresa a Espa\u00f1a: \u201cHe emprendido el viaje de retorno desde el exilio\u201d"},"content":{"rendered":"\n<p>El ex presidente catal\u00e1n public\u00f3 un video en el que anuncia su vuelta al pa\u00eds europeo para estar presente en el pleno del Parlament.<\/p>\n\n\n\n<p><strong>El ex presidente Carles Puigdemont anunci\u00f3 que emprendi\u00f3 su regreso a Espa\u00f1a en un viaje al que calific\u00f3 como su \u201cretorno desde el exilio\u201d<\/strong>&nbsp;y lo hizo a trav\u00e9s de un video en el cual&nbsp;<strong>critic\u00f3 los obst\u00e1culos que est\u00e1n poniendo \u201calgunos jueces del Supremo\u201d&nbsp;<\/strong>a la aplicaci\u00f3n de la ley de amnist\u00eda.<\/p>\n\n\n\n<p>Puigdemont dijo que emprende su viaje de vuelta a Espa\u00f1a para estar presente, este jueves, en el pleno del Parlament que tiene que servir para votar la investidura del l\u00edder del PSC Salvador Illa como president de la Generalitat.<\/p>\n\n\n\n<p><em>\u201cHe emprendido el viaje de retorno desde el exilio\u201d<\/em>, manifest\u00f3 y se\u00f1al\u00f3:&nbsp;<em>\u201cLas nuestras no son condiciones de normalidad democr\u00e1tica\u201d<\/em>. En tanto, critic\u00f3 que \u00e9l y el diputado de Junts Llu\u00eds Puig, siguen acarreando \u201cuna larga persecuci\u00f3n por haber permitido que los catalanes votasen en un refer\u00e9ndum\u201d y porque el Supremo se niega a cumplir la ley de amnist\u00eda.<\/p>\n\n\n\n<p>A la misma hora que el ex mandatario publicaba su mensaje,&nbsp;<strong>Junts per Catalunya convoc\u00f3 de manera oficial un \u201crecibimiento institucional\u201d de Puigdemont, este jueves a las 9, en el paseo Llu\u00eds Companys de Barcelona.<\/strong><\/p>\n\n\n\n<p><strong>El acto para darle la bienvenida a Puigdemont pretende ser una muestra de apoyo transversal del independentismo<\/strong>. El Consell per la Rep\u00fablica, la entidad privada que preside el propio Puigdemont, tambi\u00e9n ha convocado a sus seguidores, lo mismo que \u00d2mnium, la ANC y la Asociaci\u00f3n de Municipios por la Independencia (AMI). La CUP apoya igualmente la movilizaci\u00f3n.<\/p>\n\n\n\n<p>Seg\u00fan inform\u00f3 El Pa\u00eds,&nbsp;<strong>en el video, Puigdemont aparece con gesto serio, en un plano corto y situado delante de las banderas de Catalu\u00f1a y Europa<\/strong>, mientras que con su anuncio, revela que uno de los interrogantes que pesaban sobre c\u00f3mo se va a organizar su vuelta a Catalu\u00f1a, siete a\u00f1os despu\u00e9s de su marcha para evitar la acci\u00f3n de la Justicia.<\/p>\n\n\n\n<p>Junts mantiene que no se trata \u201cde un regreso personal sino pol\u00edtico\u201d y el ex presidente tiene intenci\u00f3n de escenificar una aparici\u00f3n institucional, rodeado de fieles que lo acompa\u00f1en hasta las puertas del Parlament.<\/p>\n","protected":false},"excerpt":{"rendered":"<p>El ex presidente catal\u00e1n public\u00f3 un video en el que anuncia su vuelta al pa\u00eds europeo para estar presente en el pleno del Parlament. El ex presidente Carles Puigdemont anunci\u00f3&hellip; <\/p>\n","protected":false},"author":4,"featured_media":157712,"comment_status":"closed","ping_status":"open","sticky":false,"template":"","format":"standard","meta":{"footnotes":""},"categories":[11],"tags":[],"class_list":["post-157711","post","type-post","status-publish","format-standard","has-post-thumbnail","hentry","category-internacionales"],"_links":{"self":[{"href":"https:\/\/corrientesdetarde.com\/index.php\/wp-json\/wp\/v2\/posts\/157711","targetHints":{"allow":["GET"]}}],"collection":[{"href":"https:\/\/corrientesdetarde.com\/index.php\/wp-json\/wp\/v2\/posts"}],"about":[{"href":"https:\/\/corrientesdetarde.com\/index.php\/wp-json\/wp\/v2\/types\/post"}],"author":[{"embeddable":true,"href":"https:\/\/corrientesdetarde.com\/index.php\/wp-json\/wp\/v2\/users\/4"}],"replies":[{"embeddable":true,"href":"https:\/\/corrientesdetarde.com\/index.php\/wp-json\/wp\/v2\/comments?post=157711"}],"version-history":[{"count":1,"href":"https:\/\/corrientesdetarde.com\/index.php\/wp-json\/wp\/v2\/posts\/157711\/revisions"}],"predecessor-version":[{"id":157713,"href":"https:\/\/corrientesdetarde.com\/index.php\/wp-json\/wp\/v2\/posts\/157711\/revisions\/157713"}],"wp:featuredmedia":[{"embeddable":true,"href":"https:\/\/corrientesdetarde.com\/index.php\/wp-json\/wp\/v2\/media\/157712"}],"wp:attachment":[{"href":"https:\/\/corrientesdetarde.com\/index.php\/wp-json\/wp\/v2\/media?parent=157711"}],"wp:term":[{"taxonomy":"category","embeddable":true,"href":"https:\/\/corrientesdetarde.com\/index.php\/wp-json\/wp\/v2\/categories?post=157711"},{"taxonomy":"post_tag","embeddable":true,"href":"https:\/\/corrientesdetarde.com\/index.php\/wp-json\/wp\/v2\/tags?post=157711"}],"curies":[{"name":"wp","href":"https:\/\/api.w.org\/{rel}","templated":true}]}}