{"id":157717,"date":"2024-08-07T11:52:45","date_gmt":"2024-08-07T14:52:45","guid":{"rendered":"https:\/\/corrientesdetarde.com\/?p=157717"},"modified":"2024-08-07T11:52:57","modified_gmt":"2024-08-07T14:52:57","slug":"comenzo-el-pago-del-plus-unificado-para-los-estatales-de-corrientes-2","status":"publish","type":"post","link":"https:\/\/corrientesdetarde.com\/index.php\/locales\/comenzo-el-pago-del-plus-unificado-para-los-estatales-de-corrientes-2\/","title":{"rendered":"Comenz\u00f3 el pago del plus unificado para los estatales de Corrientes"},"content":{"rendered":"\n<p>El Gobierno de Corrientes abona el ingreso con el aumento que fuera anunciado por Gustavo Vald\u00e9s. El cronograma se extiende hasta el martes 13.<\/p>\n\n\n\n<p>El Gobierno de Corrientes comenz\u00f3 a pagar el plus unificado de 55 mil pesos por abono. Se abona con los aumentos anunciados por Gustavo Vald\u00e9s.<\/p>\n\n\n\n<p>Este mi\u00e9rcoles 7 lo percibir\u00e1n aquellos con Documento Nacional de identidad terminados en 0 y 1.<\/p>\n\n\n\n<p>El jueves 8, ser\u00e1 el turno de los agentes con documentos terminados en 2 y 3. El viernes 9, quienes tengan los n\u00fameros 4 y 5.<\/p>\n\n\n\n<p>El lunes 12, percibir\u00e1n aquellos con DNI terminados en 6 y 7; este tramo estar\u00e1 disponible, a trav\u00e9s de los cajeros habilitados por el Banco de Corrientes SA, desde el s\u00e1bado 10.<\/p>\n\n\n\n<p>El cronograma finaliza el martes 13, jornada que cobrar\u00e1n los agentes con documentos terminados en 8 y 9.<\/p>\n\n\n\n<figure class=\"wp-block-embed is-type-rich is-provider-twitter wp-block-embed-twitter\"><div class=\"wp-block-embed__wrapper\">\n<blockquote class=\"twitter-tweet\" data-width=\"550\" data-dnt=\"true\"><p lang=\"es\" dir=\"ltr\">Con aumento, el Plus Unificado del mes de agosto para trabajadores provinciales activos y jubilados se pagar\u00e1 por terminaci\u00f3n de DNI:<br><br>\u2022 Mi\u00e9rcoles 7: 0 y 1<br>\u2022 Jueves 8: 2 y 3<br>\u2022 Viernes 9: 4 y 5<br>\u2022 Lunes 12: 6 y 7*<br>\u2022 Martes 13: 8 y 9<br><br>* En cajeros, s\u00e1bado 10.<\/p>&mdash; Gustavo Vald\u00e9s (@gustavovaldesok) <a href=\"https:\/\/twitter.com\/gustavovaldesok\/status\/1820407033163665431?ref_src=twsrc%5Etfw\">August 5, 2024<\/a><\/blockquote><script async src=\"https:\/\/platform.twitter.com\/widgets.js\" charset=\"utf-8\"><\/script>\n<\/div><\/figure>\n","protected":false},"excerpt":{"rendered":"<p>El Gobierno de Corrientes abona el ingreso con el aumento que fuera anunciado por Gustavo Vald\u00e9s. El cronograma se extiende hasta el martes 13. El Gobierno de Corrientes comenz\u00f3 a&hellip; <\/p>\n","protected":false},"author":4,"featured_media":157718,"comment_status":"closed","ping_status":"open","sticky":false,"template":"","format":"standard","meta":{"footnotes":""},"categories":[8],"tags":[],"class_list":["post-157717","post","type-post","status-publish","format-standard","has-post-thumbnail","hentry","category-locales"],"_links":{"self":[{"href":"https:\/\/corrientesdetarde.com\/index.php\/wp-json\/wp\/v2\/posts\/157717","targetHints":{"allow":["GET"]}}],"collection":[{"href":"https:\/\/corrientesdetarde.com\/index.php\/wp-json\/wp\/v2\/posts"}],"about":[{"href":"https:\/\/corrientesdetarde.com\/index.php\/wp-json\/wp\/v2\/types\/post"}],"author":[{"embeddable":true,"href":"https:\/\/corrientesdetarde.com\/index.php\/wp-json\/wp\/v2\/users\/4"}],"replies":[{"embeddable":true,"href":"https:\/\/corrientesdetarde.com\/index.php\/wp-json\/wp\/v2\/comments?post=157717"}],"version-history":[{"count":1,"href":"https:\/\/corrientesdetarde.com\/index.php\/wp-json\/wp\/v2\/posts\/157717\/revisions"}],"predecessor-version":[{"id":157719,"href":"https:\/\/corrientesdetarde.com\/index.php\/wp-json\/wp\/v2\/posts\/157717\/revisions\/157719"}],"wp:featuredmedia":[{"embeddable":true,"href":"https:\/\/corrientesdetarde.com\/index.php\/wp-json\/wp\/v2\/media\/157718"}],"wp:attachment":[{"href":"https:\/\/corrientesdetarde.com\/index.php\/wp-json\/wp\/v2\/media?parent=157717"}],"wp:term":[{"taxonomy":"category","embeddable":true,"href":"https:\/\/corrientesdetarde.com\/index.php\/wp-json\/wp\/v2\/categories?post=157717"},{"taxonomy":"post_tag","embeddable":true,"href":"https:\/\/corrientesdetarde.com\/index.php\/wp-json\/wp\/v2\/tags?post=157717"}],"curies":[{"name":"wp","href":"https:\/\/api.w.org\/{rel}","templated":true}]}}