{"id":157786,"date":"2024-08-07T15:24:14","date_gmt":"2024-08-07T18:24:14","guid":{"rendered":"https:\/\/corrientesdetarde.com\/?p=157786"},"modified":"2024-08-07T15:24:18","modified_gmt":"2024-08-07T18:24:18","slug":"baldazo-de-agua-fria-para-el-oficialismo-se-cayo-la-sesion-en-diputados-por-falta-de-quorum","status":"publish","type":"post","link":"https:\/\/corrientesdetarde.com\/index.php\/politica\/baldazo-de-agua-fria-para-el-oficialismo-se-cayo-la-sesion-en-diputados-por-falta-de-quorum\/","title":{"rendered":"BALDAZO DE AGUA FR\u00cdA PARA EL OFICIALISMO: SE CAY\u00d3 LA SESI\u00d3N EN DIPUTADOS POR FALTA DE QU\u00d3RUM"},"content":{"rendered":"\n<p>(Pablo Roma, Congreso Nacional) &#8211; La Libertad Avanza y sus aliados no lograron reunir los 129 diputados necesarios. Se desarrollar\u00e1n expresiones de minor\u00eda.<\/p>\n\n\n\n<p>A pesar de que la sesi\u00f3n en la C\u00e1mara de Diputados se suspendi\u00f3 por falta de qu\u00f3rum, legisladores de la oposici\u00f3n lanzaron fuertes cr\u00edticas por la reciente visita de miembros de La Libertad Avanza a represores presos en el penal de Ezeiza, el pasado 11 de julio.<\/p>\n\n\n\n<p>La vicepresidenta de la C\u00e1mara, Cecilia Moreau (Uni\u00f3n por la Patria), destac\u00f3 que los diputados libertarios no visitaron cualquier lugar, sino que fueron &#8220;directamente al pabell\u00f3n donde est\u00e1n condenados los represores por cr\u00edmenes de lesa humanidad&#8221;. Seg\u00fan Moreau, este hecho no fue aislado, ya que hubo reuniones previas en Campo de Mayo y en la sede de la fundaci\u00f3n El\u00edas en el centro de Buenos Aires. Adem\u00e1s, mencion\u00f3 que existen grupos de discusi\u00f3n por WhatsApp donde los diputados de La Libertad Avanza debaten con abogados proyectos para suavizar las condenas de los genocidas.<\/p>\n\n\n\n<p>Moreau advirti\u00f3 que en esas reuniones surgieron propuestas para modificar el art\u00edculo 95 del C\u00f3digo Penal y otorgar prisi\u00f3n domiciliaria a los represores. La diputada tambi\u00e9n anticip\u00f3 la aparici\u00f3n de un video en el que se observar\u00e1 a los legisladores libertarios aplaudiendo al final de la reuni\u00f3n con los represores, lo que consider\u00f3 un acto de indignidad. &#8220;Esos genocidas siguen jact\u00e1ndose de un pacto de impunidad y silencio, mientras los familiares de las v\u00edctimas a\u00fan buscan respuestas&#8221;, lament\u00f3.<\/p>\n\n\n\n<p>Nicol\u00e1s del Ca\u00f1o (Frente de Izquierda) insisti\u00f3 en la creaci\u00f3n de una comisi\u00f3n investigadora para esclarecer el prop\u00f3sito de la visita a los represores. Su compa\u00f1ero de bancada, Christian &#8220;Chipi&#8221; Castillo, critic\u00f3 a los diputados libertarios por tomarse fotos sonrientes con represores como Alfredo Astiz, condenado por m\u00faltiples asesinatos y casos de tortura.<\/p>\n\n\n\n<p>Castillo afirm\u00f3 que debe haber una comisi\u00f3n parlamentaria que investigue la gravedad de estos hechos. &#8220;No basta con una resoluci\u00f3n o una expresi\u00f3n de preocupaci\u00f3n. Es necesario repudiar e investigar a fondo, ya que esto forma parte de un plan de impunidad que busca atacar los intereses populares y replicar el esquema represivo de la dictadura&#8221;, se\u00f1al\u00f3.<\/p>\n\n\n\n<p>Por su parte, Miguel Pichetto, l\u00edder del bloque Hacemos Coalici\u00f3n Federal, justific\u00f3 la ausencia de su bancada en la sesi\u00f3n, argumentando que &#8220;es fundamental tratar los temas que realmente importan a los argentinos y no ser funcionales a la agenda identitaria de los extremos del arco pol\u00edtico&#8221;. Pichetto y su bloque pidieron al presidente de la C\u00e1mara, Mart\u00edn Menem, que recupere el normal funcionamiento del Congreso y convoque a sesiones ordinarias que aborden las demandas de todos los argentinos.<\/p>\n\n\n\n<p>La sesi\u00f3n especial, que estaba convocada para las 12.00, cay\u00f3 cuando Menem no logr\u00f3 reunir el qu\u00f3rum necesario de 129 diputados. La ausencia de Hacemos Coalici\u00f3n Federal fue determinante, y seg\u00fan fuentes parlamentarias, la decisi\u00f3n se tom\u00f3 debido a desavenencias con Menem, quien ha marginado a este bloque en diversas ocasiones.<\/p>\n\n\n\n<p>La falta de qu\u00f3rum tambi\u00e9n se vio afectada por la ausencia de Uni\u00f3n por la Patria, el Frente de Izquierda y la Coalici\u00f3n C\u00edvica, quienes tampoco estaban al tanto de la jugada de Hacemos. A pesar de los esfuerzos del oficialismo y el PRO para persuadir a Pichetto y su bloque, la decisi\u00f3n de no asistir ya estaba tomada.<\/p>\n\n\n\n<p>Ante la falta de qu\u00f3rum, Menem cedi\u00f3 a la presi\u00f3n de la oposici\u00f3n, que le record\u00f3 que se hab\u00eda excedido el plazo de media hora de tolerancia para iniciar la sesi\u00f3n. Finalmente, Germ\u00e1n Mart\u00ednez, presidente del bloque de Uni\u00f3n por la Patria, critic\u00f3 la convocatoria exclusiva del oficialismo y declar\u00f3 la sesi\u00f3n fracasada.<\/p>\n\n\n\n<p>A pesar de la ca\u00edda de la sesi\u00f3n, los bloques opositores preparan nuevas convocatorias para tratar los mismos temas y otros proyectos de inter\u00e9s nacional en las pr\u00f3ximas semanas.<\/p>\n","protected":false},"excerpt":{"rendered":"<p>(Pablo Roma, Congreso Nacional) &#8211; La Libertad Avanza y sus aliados no lograron reunir los 129 diputados necesarios. Se desarrollar\u00e1n expresiones de minor\u00eda. A pesar de que la sesi\u00f3n en&hellip; <\/p>\n","protected":false},"author":11,"featured_media":157787,"comment_status":"closed","ping_status":"open","sticky":false,"template":"","format":"standard","meta":{"footnotes":""},"categories":[26,3],"tags":[2153,250],"class_list":["post-157786","post","type-post","status-publish","format-standard","has-post-thumbnail","hentry","category-destacados","category-politica","tag-cuorum","tag-sesion"],"_links":{"self":[{"href":"https:\/\/corrientesdetarde.com\/index.php\/wp-json\/wp\/v2\/posts\/157786","targetHints":{"allow":["GET"]}}],"collection":[{"href":"https:\/\/corrientesdetarde.com\/index.php\/wp-json\/wp\/v2\/posts"}],"about":[{"href":"https:\/\/corrientesdetarde.com\/index.php\/wp-json\/wp\/v2\/types\/post"}],"author":[{"embeddable":true,"href":"https:\/\/corrientesdetarde.com\/index.php\/wp-json\/wp\/v2\/users\/11"}],"replies":[{"embeddable":true,"href":"https:\/\/corrientesdetarde.com\/index.php\/wp-json\/wp\/v2\/comments?post=157786"}],"version-history":[{"count":1,"href":"https:\/\/corrientesdetarde.com\/index.php\/wp-json\/wp\/v2\/posts\/157786\/revisions"}],"predecessor-version":[{"id":157788,"href":"https:\/\/corrientesdetarde.com\/index.php\/wp-json\/wp\/v2\/posts\/157786\/revisions\/157788"}],"wp:featuredmedia":[{"embeddable":true,"href":"https:\/\/corrientesdetarde.com\/index.php\/wp-json\/wp\/v2\/media\/157787"}],"wp:attachment":[{"href":"https:\/\/corrientesdetarde.com\/index.php\/wp-json\/wp\/v2\/media?parent=157786"}],"wp:term":[{"taxonomy":"category","embeddable":true,"href":"https:\/\/corrientesdetarde.com\/index.php\/wp-json\/wp\/v2\/categories?post=157786"},{"taxonomy":"post_tag","embeddable":true,"href":"https:\/\/corrientesdetarde.com\/index.php\/wp-json\/wp\/v2\/tags?post=157786"}],"curies":[{"name":"wp","href":"https:\/\/api.w.org\/{rel}","templated":true}]}}