{"id":157883,"date":"2024-08-07T23:36:17","date_gmt":"2024-08-08T02:36:17","guid":{"rendered":"https:\/\/corrientesdetarde.com\/?p=157883"},"modified":"2024-08-07T23:36:28","modified_gmt":"2024-08-08T02:36:28","slug":"por-primera-vez-en-40-anos-alberto-fernandez-no-podra-dar-clases-en-la-uba","status":"publish","type":"post","link":"https:\/\/corrientesdetarde.com\/index.php\/informacion-general\/por-primera-vez-en-40-anos-alberto-fernandez-no-podra-dar-clases-en-la-uba\/","title":{"rendered":"Por primera vez en 40 a\u00f1os, Alberto Fern\u00e1ndez no podr\u00e1 dar clases en la UBA"},"content":{"rendered":"\n<p>Seg\u00fan confirmaron fuentes de la casa de altos estudios, se deber\u00eda a que su curso no alcanz\u00f3 el m\u00ednimo requerido de alumnos inscriptos.<\/p>\n\n\n\n<p>Poco m\u00e1s de 24 horas despu\u00e9s de conocerse la denuncia de Fabiola Ya\u00f1ez a\u00a0<strong>Alberto Fern\u00e1ndez<\/strong>\u00a0por\u00a0<strong>violencia de g\u00e9nero<\/strong>,\u00a0la\u00a0<strong>Universidad de Buenos Aires (UBA)<\/strong>\u00a0inform\u00f3 que el expresidente no dar\u00e1 clases en el segundo cuatrimestre del a\u00f1o. Ser\u00e1 la primera vez en casi 40 a\u00f1os que el exmandatario no tenga\u00a0designaci\u00f3n vigente.<\/p>\n\n\n\n<p>Su curso fue dado de baja a ra\u00edz de que no alcanz\u00f3&nbsp;el m\u00ednimo requerido de alumnos inscriptos, de acuerdo con lo que indicaron&nbsp;fuentes de la casa de altos estudios al medio&nbsp;<em>La Naci\u00f3n<\/em>.&nbsp;La \u00faltima vez que concurri\u00f3&nbsp;a la casa de altos estudios fue en 2023, cuando comparti\u00f3 una foto dando clases en la universidad.&nbsp;<\/p>\n\n\n\n<p>A eso se le suma el pedido que realizar\u00e1 un grupo de docentes&nbsp;encabezados por Guillermo Mizraji&nbsp;para que&nbsp;<strong>Fern\u00e1ndez&nbsp;<\/strong>no vuelva a ense\u00f1ar&nbsp;mientras no se resuelva su situaci\u00f3n procesal.<\/p>\n\n\n\n<p>El exmandatario era docente\u00a0de la carrera de Derecho de la\u00a0<strong>UBA\u00a0<\/strong>desde 1985 y se desempe\u00f1aba como profesor de la materia &#8220;Teor\u00eda General del Delito y Sistema de la Pena&#8221;.<\/p>\n\n\n\n<p>Luego de ser elegido presidente, prometi\u00f3 que no se tomar\u00eda licencia y continuar\u00eda dando clases en la Facultad, y que por lo menos, ir\u00eda cada 15 d\u00edas.<\/p>\n\n\n\n<ul class=\"wp-block-list\"><\/ul>\n\n\n\n<p>Incluso&nbsp;el 13 de diciembre de 2019, tres d\u00edas despu\u00e9s de haber asumido, el presidente fue a la Facultad de Derecho para integrar una mesa de examen de su c\u00e1tedra.<\/p>\n\n\n\n<p>En diciembre de 2022,\u00a0<strong>Fern\u00e1ndez<\/strong>\u00a0se vio envuelto en una pol\u00e9mica luego de que un grupo de alumnos pidiera su suspensi\u00f3n. Fue luego de que no acatara el fallo de la Corte Suprema de Justicia que restitu\u00eda los fondos de coparticipaci\u00f3n a la ciudad de Buenos Aires.<\/p>\n\n\n\n<p>La medida hab\u00eda quedado en suspenso y los estudiantes, pertenecientes a la agrupaci\u00f3n radical Franja Morada, esperaban la resoluci\u00f3n del Consejo Directivo de la facultad.&nbsp;<\/p>\n","protected":false},"excerpt":{"rendered":"<p>Seg\u00fan confirmaron fuentes de la casa de altos estudios, se deber\u00eda a que su curso no alcanz\u00f3 el m\u00ednimo requerido de alumnos inscriptos. Poco m\u00e1s de 24 horas despu\u00e9s de&hellip; <\/p>\n","protected":false},"author":12,"featured_media":157889,"comment_status":"closed","ping_status":"open","sticky":false,"template":"","format":"standard","meta":{"footnotes":""},"categories":[1],"tags":[],"class_list":["post-157883","post","type-post","status-publish","format-standard","has-post-thumbnail","hentry","category-informacion-general"],"_links":{"self":[{"href":"https:\/\/corrientesdetarde.com\/index.php\/wp-json\/wp\/v2\/posts\/157883","targetHints":{"allow":["GET"]}}],"collection":[{"href":"https:\/\/corrientesdetarde.com\/index.php\/wp-json\/wp\/v2\/posts"}],"about":[{"href":"https:\/\/corrientesdetarde.com\/index.php\/wp-json\/wp\/v2\/types\/post"}],"author":[{"embeddable":true,"href":"https:\/\/corrientesdetarde.com\/index.php\/wp-json\/wp\/v2\/users\/12"}],"replies":[{"embeddable":true,"href":"https:\/\/corrientesdetarde.com\/index.php\/wp-json\/wp\/v2\/comments?post=157883"}],"version-history":[{"count":1,"href":"https:\/\/corrientesdetarde.com\/index.php\/wp-json\/wp\/v2\/posts\/157883\/revisions"}],"predecessor-version":[{"id":157890,"href":"https:\/\/corrientesdetarde.com\/index.php\/wp-json\/wp\/v2\/posts\/157883\/revisions\/157890"}],"wp:featuredmedia":[{"embeddable":true,"href":"https:\/\/corrientesdetarde.com\/index.php\/wp-json\/wp\/v2\/media\/157889"}],"wp:attachment":[{"href":"https:\/\/corrientesdetarde.com\/index.php\/wp-json\/wp\/v2\/media?parent=157883"}],"wp:term":[{"taxonomy":"category","embeddable":true,"href":"https:\/\/corrientesdetarde.com\/index.php\/wp-json\/wp\/v2\/categories?post=157883"},{"taxonomy":"post_tag","embeddable":true,"href":"https:\/\/corrientesdetarde.com\/index.php\/wp-json\/wp\/v2\/tags?post=157883"}],"curies":[{"name":"wp","href":"https:\/\/api.w.org\/{rel}","templated":true}]}}