{"id":157884,"date":"2024-08-07T23:37:33","date_gmt":"2024-08-08T02:37:33","guid":{"rendered":"https:\/\/corrientesdetarde.com\/?p=157884"},"modified":"2024-08-07T23:37:37","modified_gmt":"2024-08-08T02:37:37","slug":"victoria-villarruel-sigue-con-agenda-propia-encuentro-clave-con-lideres-del-agro","status":"publish","type":"post","link":"https:\/\/corrientesdetarde.com\/index.php\/politica\/victoria-villarruel-sigue-con-agenda-propia-encuentro-clave-con-lideres-del-agro\/","title":{"rendered":"Victoria Villarruel sigue con agenda propia: encuentro clave con l\u00edderes del agro"},"content":{"rendered":"\n<p>La Vicepresidente de la Naci\u00f3n, en compa\u00f1\u00eda de Mat\u00edas Lestani, estuvieron en las instalaciones de Coninagro. Las retenciones, presupuesto y m\u00e1s.<\/p>\n\n\n\n<p>La vicepresidente de la Naci\u00f3n,\u00a0<strong>Victoria Villarruel<\/strong>, sigue marcando su propia agenda y este mi\u00e9rcoles se reuni\u00f3 con representantes del\u00a0<strong>agro<\/strong>\u00a0argentino, en medio de una semana clave para el sector donde se anunci\u00f3 la\u00a0eliminaci\u00f3n de las retenciones\u00a0sobre los productos de la categor\u00eda vaca, cadena porcina e industria l\u00e1ctea.<\/p>\n\n\n\n<p>El Presidente Elbio Laucirica, junto al Vicepresidente Marcelo Federici y sus pares de las distintas Federaciones que integran la entidad recibieron a la mandataria, quien estuvo acompa\u00f1ada por Mat\u00edas Lestani.<\/p>\n\n\n\n<p>\u201cMe gust\u00f3 mucho conocer\u00a0Coninagro\u00a0porque no conoc\u00eda sobre las cooperativas y la labor que desarrollan en todo el pa\u00eds, as\u00ed que creo que ha sido una reuni\u00f3n que es un conocimiento mutuo que espero que con el tiempo se fortalezca y que permita que los cooperativistas se sientan representados tambi\u00e9n en las pol\u00edticas nacionales\u201d, dijo\u00a0<strong>Villaruel<\/strong>.<\/p>\n\n\n\n<p>En otro orden, la Vicepresidente remarc\u00f3 la importancia de abordar las problem\u00e1ticas que se le plantearon durante el encuentro y coment\u00f3 algunas de ellas: \u201cSe hablaron varios temas, hab\u00eda algunas de las provincias que estaban presentes a trav\u00e9s de sus cooperativas, as\u00ed que se plante\u00f3 el tema de la yerba mate, por supuesto tambi\u00e9n la crisis por la que est\u00e1 pasando la papa, la soja, el comercio en todo lo ganadero y la producci\u00f3n; tambi\u00e9n todo lo que tiene que ver con la producci\u00f3n en origen, se habl\u00f3 del ma\u00edz y la chicharrita\u201c.&nbsp;<\/p>\n\n\n\n<p>Adem\u00e1s, actualiz\u00f3 el estado de situaci\u00f3n del RIDA: \u201cDialogamos sobre una amplia gama de temas en los cuales vamos a tener que trabajar en los pr\u00f3ximos 4 a\u00f1os. El RIDA es uno de ellos, pero est\u00e1 en la C\u00e1mara de Diputados, as\u00ed que esa discusi\u00f3n no ha llegado a\u00fan al Senado y dentro de lo que es la comisi\u00f3n del Senado, De Angeli es el presidente de la misma, as\u00ed que me voy a interiorizar\u201d.<\/p>\n\n\n\n<ul class=\"wp-block-list\"><\/ul>\n\n\n\n<p>Por \u00faltimo, la Presidente provisional del Senado, hizo menci\u00f3n a las retenciones: \u201cLas retenciones siempre son un tema para dialogar y es noticia. Estamos trabajando para que se ordene toda la econom\u00eda y una vez que tengamos todo lo relacionado con el desfasaje que hab\u00eda en lo econ\u00f3mico, vamos a poder avanzar sobre las medidas normativas de infraestructura y dem\u00e1s, entre las cuales se encuentran las retenciones. Hay mucho todav\u00eda por hacer y hemos tratado el tema de las retenciones y tanto el Presidente y yo lo hemos hablado, por lo cual lo tenemos siempre muy presente\u201d concluy\u00f3.<\/p>\n\n\n\n<figure class=\"wp-block-image\"><img decoding=\"async\" src=\"https:\/\/www.mdzol.com\/u\/fotografias\/m\/2024\/8\/7\/f768x400-1634716_1678619_5050.jpeg\" alt=\"\"\/><figcaption class=\"wp-element-caption\">Durante el encuentro se habl\u00f3 de varias tem\u00e1ticas que hoy preocupan al sector agropecuario. (Foto: Coninagro)<\/figcaption><\/figure>\n\n\n\n<p>Por su parte, el presidente de Coninagro, Elbio Laucirica, detall\u00f3 lo conversado con la Vicepresidente: \u201c Dialogamos temas del presupuesto 2025 que se va a tratar en el Congreso de la Naci\u00f3n. Nos pusimos a disposici\u00f3n para acompa\u00f1ar proyectos como el RIDA, que incentivan el desarrollo&nbsp;<strong>agroindustrial<\/strong>&nbsp;de nuestro pa\u00eds\u201c.&nbsp;<\/p>\n\n\n\n<p>Adem\u00e1s, hizo \u00e9nfasis en el tema retenciones \u201cNos gusta hablar de la alta carga fiscal porque afecta a todas las econom\u00edas regionales de nuestro pa\u00eds y esperamos que la quita de retenciones vaya en consonancia con la importancia que le da el gobierno al&nbsp;<strong>sector agropecuario<\/strong>, que hoy ratific\u00f3 la Vicepresidente, como respuesta para darle salida a esta situaci\u00f3n econ\u00f3mica tan complicada que atraviesa a todos los argentinos\u201d finaliz\u00f3.<\/p>\n","protected":false},"excerpt":{"rendered":"<p>La Vicepresidente de la Naci\u00f3n, en compa\u00f1\u00eda de Mat\u00edas Lestani, estuvieron en las instalaciones de Coninagro. Las retenciones, presupuesto y m\u00e1s. La vicepresidente de la Naci\u00f3n,\u00a0Victoria Villarruel, sigue marcando su&hellip; <\/p>\n","protected":false},"author":12,"featured_media":157891,"comment_status":"closed","ping_status":"open","sticky":false,"template":"","format":"standard","meta":{"footnotes":""},"categories":[3],"tags":[],"class_list":["post-157884","post","type-post","status-publish","format-standard","has-post-thumbnail","hentry","category-politica"],"_links":{"self":[{"href":"https:\/\/corrientesdetarde.com\/index.php\/wp-json\/wp\/v2\/posts\/157884","targetHints":{"allow":["GET"]}}],"collection":[{"href":"https:\/\/corrientesdetarde.com\/index.php\/wp-json\/wp\/v2\/posts"}],"about":[{"href":"https:\/\/corrientesdetarde.com\/index.php\/wp-json\/wp\/v2\/types\/post"}],"author":[{"embeddable":true,"href":"https:\/\/corrientesdetarde.com\/index.php\/wp-json\/wp\/v2\/users\/12"}],"replies":[{"embeddable":true,"href":"https:\/\/corrientesdetarde.com\/index.php\/wp-json\/wp\/v2\/comments?post=157884"}],"version-history":[{"count":1,"href":"https:\/\/corrientesdetarde.com\/index.php\/wp-json\/wp\/v2\/posts\/157884\/revisions"}],"predecessor-version":[{"id":157892,"href":"https:\/\/corrientesdetarde.com\/index.php\/wp-json\/wp\/v2\/posts\/157884\/revisions\/157892"}],"wp:featuredmedia":[{"embeddable":true,"href":"https:\/\/corrientesdetarde.com\/index.php\/wp-json\/wp\/v2\/media\/157891"}],"wp:attachment":[{"href":"https:\/\/corrientesdetarde.com\/index.php\/wp-json\/wp\/v2\/media?parent=157884"}],"wp:term":[{"taxonomy":"category","embeddable":true,"href":"https:\/\/corrientesdetarde.com\/index.php\/wp-json\/wp\/v2\/categories?post=157884"},{"taxonomy":"post_tag","embeddable":true,"href":"https:\/\/corrientesdetarde.com\/index.php\/wp-json\/wp\/v2\/tags?post=157884"}],"curies":[{"name":"wp","href":"https:\/\/api.w.org\/{rel}","templated":true}]}}