{"id":157903,"date":"2024-08-08T08:29:37","date_gmt":"2024-08-08T11:29:37","guid":{"rendered":"https:\/\/corrientesdetarde.com\/?p=157903"},"modified":"2024-08-08T08:33:16","modified_gmt":"2024-08-08T11:33:16","slug":"deuda-previsional-el-gobernador-gustavo-valdes-se-reunio-con-el-director-de-anses","status":"publish","type":"post","link":"https:\/\/corrientesdetarde.com\/index.php\/politica\/deuda-previsional-el-gobernador-gustavo-valdes-se-reunio-con-el-director-de-anses\/","title":{"rendered":"Deuda previsional: El gobernador Gustavo Vald\u00e9s se reuni\u00f3 con el director de ANSES"},"content":{"rendered":"\n<p>El gobernador de la provincia se reuni\u00f3 con un funcionario nacional. Dialogaron sobre la distribuci\u00f3n de fondos que le corresponden a Corrientes.<\/p>\n\n\n\n<p>Este mi\u00e9rcoles el gobernador Gustavo Vald\u00e9s mantuvo un encuentro con el director ejecutivo de la Anses, Mariano A. S. de los Heros donde abordaron cuestiones referidos a la distribuci\u00f3n de fondos que le corresponden a Corrientes.<\/p>\n\n\n\n<p>El encuentro tuvo lugar en Buenos Aires, seg\u00fan lo inform\u00f3 el mandatario provincial a trav\u00e9s de sus redes sociales donde detall\u00f3 que &#8220;abordamos temas referidos a la deuda que mantiene la administraci\u00f3n nacional de seguridad social con la provincia&#8221;.<\/p>\n\n\n\n<p>A su vez, dialogaron sobre la distribuci\u00f3n de fondos que le corresponden a Corrientes.<\/p>\n","protected":false},"excerpt":{"rendered":"<p>El gobernador de la provincia se reuni\u00f3 con un funcionario nacional. Dialogaron sobre la distribuci\u00f3n de fondos que le corresponden a Corrientes. Este mi\u00e9rcoles el gobernador Gustavo Vald\u00e9s mantuvo un&hellip; <\/p>\n","protected":false},"author":4,"featured_media":157908,"comment_status":"closed","ping_status":"open","sticky":false,"template":"","format":"standard","meta":{"footnotes":""},"categories":[23,3],"tags":[],"class_list":["post-157903","post","type-post","status-publish","format-standard","has-post-thumbnail","hentry","category-actualidad","category-politica"],"_links":{"self":[{"href":"https:\/\/corrientesdetarde.com\/index.php\/wp-json\/wp\/v2\/posts\/157903","targetHints":{"allow":["GET"]}}],"collection":[{"href":"https:\/\/corrientesdetarde.com\/index.php\/wp-json\/wp\/v2\/posts"}],"about":[{"href":"https:\/\/corrientesdetarde.com\/index.php\/wp-json\/wp\/v2\/types\/post"}],"author":[{"embeddable":true,"href":"https:\/\/corrientesdetarde.com\/index.php\/wp-json\/wp\/v2\/users\/4"}],"replies":[{"embeddable":true,"href":"https:\/\/corrientesdetarde.com\/index.php\/wp-json\/wp\/v2\/comments?post=157903"}],"version-history":[{"count":2,"href":"https:\/\/corrientesdetarde.com\/index.php\/wp-json\/wp\/v2\/posts\/157903\/revisions"}],"predecessor-version":[{"id":157911,"href":"https:\/\/corrientesdetarde.com\/index.php\/wp-json\/wp\/v2\/posts\/157903\/revisions\/157911"}],"wp:featuredmedia":[{"embeddable":true,"href":"https:\/\/corrientesdetarde.com\/index.php\/wp-json\/wp\/v2\/media\/157908"}],"wp:attachment":[{"href":"https:\/\/corrientesdetarde.com\/index.php\/wp-json\/wp\/v2\/media?parent=157903"}],"wp:term":[{"taxonomy":"category","embeddable":true,"href":"https:\/\/corrientesdetarde.com\/index.php\/wp-json\/wp\/v2\/categories?post=157903"},{"taxonomy":"post_tag","embeddable":true,"href":"https:\/\/corrientesdetarde.com\/index.php\/wp-json\/wp\/v2\/tags?post=157903"}],"curies":[{"name":"wp","href":"https:\/\/api.w.org\/{rel}","templated":true}]}}