{"id":157975,"date":"2024-08-08T11:15:55","date_gmt":"2024-08-08T14:15:55","guid":{"rendered":"https:\/\/corrientesdetarde.com\/?p=157975"},"modified":"2024-08-08T11:17:18","modified_gmt":"2024-08-08T14:17:18","slug":"homenaje-al-profesor-miguel-angel-fernandez-luque-en-la-legislatura","status":"publish","type":"post","link":"https:\/\/corrientesdetarde.com\/index.php\/eventossociedad\/homenaje-al-profesor-miguel-angel-fernandez-luque-en-la-legislatura\/","title":{"rendered":"Homenaje al Profesor Miguel \u00c1ngel Fern\u00e1ndez Luque en la Legislatura"},"content":{"rendered":"\n<p><br>El vicegobernador de Corrientes, doctor Pedro Braillard Poccard, brindar\u00e1 un homenaje al profesor Miguel \u00c1ngel Fern\u00e1ndez Lupe de extensa trayectoria en el \u00e1mbito educativo y en la direcci\u00f3n Coral y Orquestal.<br>La Vicegobernaci\u00f3n de Corrientes oficiar\u00e1 este viernes 9 de agosto, a las 9 horas, un emotivo homenaje al profesor Miguel \u00c1ngel Fern\u00e1ndez Luque, reconocido por su vasta trayectoria en el \u00e1mbito educativo y su destacado trabajo en la direcci\u00f3n coral y orquestal. Este evento, que contar\u00e1 con la presencia del vicegobernador, se llevar\u00e1 a cabo en el recinto de la Legislatura provincial.<\/p>\n\n\n\n<figure class=\"wp-block-image size-full\"><img loading=\"lazy\" decoding=\"async\" width=\"747\" height=\"750\" src=\"https:\/\/corrientesdetarde.com\/wp-content\/uploads\/2024\/08\/image-259.png\" alt=\"\" class=\"wp-image-157980\" srcset=\"https:\/\/corrientesdetarde.com\/wp-content\/uploads\/2024\/08\/image-259.png 747w, https:\/\/corrientesdetarde.com\/wp-content\/uploads\/2024\/08\/image-259-300x300.png 300w, https:\/\/corrientesdetarde.com\/wp-content\/uploads\/2024\/08\/image-259-150x150.png 150w\" sizes=\"auto, (max-width: 747px) 100vw, 747px\" \/><\/figure>\n\n\n\n<p><br>El homenaje incluir\u00e1 una serie de actividades que resaltan la vida y obra del profesor Fern\u00e1ndez Luque, as\u00ed como interpretaciones musicales que celebran su legado. Entre los momentos destacados se realizar\u00e1n testimonios de integrantes del \u201cCoro de Ni\u00f1os Cantores de Corrientes\u201d, quienes compartir\u00e1n su experiencia desde 1965. Tambi\u00e9n la directora del elenco estable de la C\u00e1mara de Senadores, Coral Corrientes y exintegrante del Ensamble Juvenil, Carolina Garc\u00eda Ferreyra, brindar\u00e1 unas palabras.<br>Por otra parte docentes y representantes de diversos establecimientos escolares agasajar\u00e1n a quien fue parte de sus vidas institucionales.<\/p>\n\n\n\n<p><br>El momento ser\u00e1 propicio para compartir interpretaciones musicales, como &#8220;Memorias de una vieja Canci\u00f3n&#8221; con la voz de Elena Godoy, el profesor Miguel \u00c1ngel Fern\u00e1ndez Luque har\u00e1 el acompa\u00f1amiento en piano. Para finalizar con palabras del homenajeado y el cierre musical intergeneracional con el vals \u201cOndas del Danubio\u201d de J. Strauss.<\/p>\n\n\n\n<p><br>Invitamos a la comunidad en general a unirse a este homenaje, que no solo celebrar\u00e1 la vida y obra del profesor Miguel \u00c1ngel Fern\u00e1ndez Luque, sino que tambi\u00e9n fortalecer\u00e1 el lazo entre la cultura y la educaci\u00f3n en nuestra provincia.<\/p>\n\n\n\n<p><br>Miguel \u00c1ngel Fern\u00e1ndez Luque<br>El profesor Miguel \u00c1ngel Fern\u00e1ndez Luque naci\u00f3 el 26 de abril de 1937 en San Francisco (C\u00f3rdoba). En Corrientes, entre su vasta trayectoria fue Director de Carrera del Profesorado de M\u00fasica del Instituto Superior Prof. H. C. de Biasi de la Ciudad de Corrientes , profesor en el Colegio Pio XI de la Congregaci\u00f3n Salesiana en la Ciudad de Corrientes. Fue profesor en la Catedra de An\u00e1lisis y Cr\u00edtica Musical en la Carrera de Periodismo dependiente de la UNNE, Coordinador art\u00edstico de los talleres del Colegio \u201cDel Sagrado Coraz\u00f3n y Jard\u00edn de Infantes \u201cPatito Feo\u201d. Director de la Orquesta Folkl\u00f3rica de la Provincia de Corrientes, Director del Coro Polif\u00f3nico de Corrientes y Orquesta Juvenil del Instituto Superior de M\u00fasica H.C de Biasi -Corrientes as\u00ed como profesor de M\u00fasica del Instituto Monse\u00f1or Roubineau.<\/p>\n\n\n\n<p><br>Es el creador de los Coros \u201cNi\u00f1os Cantores de San Lorenzo\u201d (Santa Fe), \u201cNi\u00f1os Cantores de Corrientes\u201d, \u201cNi\u00f1os Cantores de la Subsecretar\u00eda de Cultura de Corrientes\u201d. Director del Coro y Orquesta Papal con motivo de la visita de Juan Pablo II a Corrientes 1987. Fue \u201cCreador del Ensamble Juvenil\u201d dependiente del Ministerio de Gobierno de la Provincia de Corrientes y realiz\u00f3 numerosas giras art\u00edsticas con Coros y Orquestas por las provincias del Pa\u00eds y Pa\u00edses lim\u00edtrofes.<\/p>\n\n\n\n<p><br>Fern\u00e1ndez Luque adem\u00e1s es autor de letra y m\u00fasica de los siguientes Himnos: Esc. N158 \u2013 \u201cColegio Argentino\u201d, Esc. N606 \u2013 \u201cProvincia de Buenos Aires\u201d, \u201cEsc. N157 \u2013 \u201cSan Francisco\u201d , Colegio \u201cDel Sagrado Coraz\u00f3n\u201d , Instituto \u201cMonsenor Roubineau\u201d , Instituto \u201cMahatma Gandhi\u201d Colegio Inform\u00e1tico \u201cSan Juan de Vera\u201d, Esc. N7 \u2013 \u201cIsabel de Vera\u201d, Canci\u00f3n del \u201cReencuentro Franciscano\u201d.<br>El profesor tambi\u00e9n tuvo destacadas presentaciones art\u00edsticas y fue reconocido y galardonado en numerosas oportunidades.<\/p>\n","protected":false},"excerpt":{"rendered":"<p>El vicegobernador de Corrientes, doctor Pedro Braillard Poccard, brindar\u00e1 un homenaje al profesor Miguel \u00c1ngel Fern\u00e1ndez Lupe de extensa trayectoria en el \u00e1mbito educativo y en la direcci\u00f3n Coral y&hellip; <\/p>\n","protected":false},"author":4,"featured_media":157976,"comment_status":"closed","ping_status":"open","sticky":false,"template":"","format":"standard","meta":{"footnotes":""},"categories":[1208],"tags":[],"class_list":["post-157975","post","type-post","status-publish","format-standard","has-post-thumbnail","hentry","category-eventossociedad"],"_links":{"self":[{"href":"https:\/\/corrientesdetarde.com\/index.php\/wp-json\/wp\/v2\/posts\/157975","targetHints":{"allow":["GET"]}}],"collection":[{"href":"https:\/\/corrientesdetarde.com\/index.php\/wp-json\/wp\/v2\/posts"}],"about":[{"href":"https:\/\/corrientesdetarde.com\/index.php\/wp-json\/wp\/v2\/types\/post"}],"author":[{"embeddable":true,"href":"https:\/\/corrientesdetarde.com\/index.php\/wp-json\/wp\/v2\/users\/4"}],"replies":[{"embeddable":true,"href":"https:\/\/corrientesdetarde.com\/index.php\/wp-json\/wp\/v2\/comments?post=157975"}],"version-history":[{"count":3,"href":"https:\/\/corrientesdetarde.com\/index.php\/wp-json\/wp\/v2\/posts\/157975\/revisions"}],"predecessor-version":[{"id":157981,"href":"https:\/\/corrientesdetarde.com\/index.php\/wp-json\/wp\/v2\/posts\/157975\/revisions\/157981"}],"wp:featuredmedia":[{"embeddable":true,"href":"https:\/\/corrientesdetarde.com\/index.php\/wp-json\/wp\/v2\/media\/157976"}],"wp:attachment":[{"href":"https:\/\/corrientesdetarde.com\/index.php\/wp-json\/wp\/v2\/media?parent=157975"}],"wp:term":[{"taxonomy":"category","embeddable":true,"href":"https:\/\/corrientesdetarde.com\/index.php\/wp-json\/wp\/v2\/categories?post=157975"},{"taxonomy":"post_tag","embeddable":true,"href":"https:\/\/corrientesdetarde.com\/index.php\/wp-json\/wp\/v2\/tags?post=157975"}],"curies":[{"name":"wp","href":"https:\/\/api.w.org\/{rel}","templated":true}]}}