{"id":157982,"date":"2024-08-08T11:56:02","date_gmt":"2024-08-08T14:56:02","guid":{"rendered":"https:\/\/corrientesdetarde.com\/?p=157982"},"modified":"2024-08-08T11:56:13","modified_gmt":"2024-08-08T14:56:13","slug":"valdes-superviso-el-movimiento-de-contenedores-con-madera-que-comienza-a-exportarse-a-austria-y-belgica","status":"publish","type":"post","link":"https:\/\/corrientesdetarde.com\/index.php\/locales\/valdes-superviso-el-movimiento-de-contenedores-con-madera-que-comienza-a-exportarse-a-austria-y-belgica\/","title":{"rendered":"Vald\u00e9s supervis\u00f3 el movimiento de contenedores con madera que comienza a exportarse a Austria y B\u00e9lgica"},"content":{"rendered":"\n<p>El gobernador Gustavo Vald\u00e9s recorri\u00f3 este martes el Puerto de Corrientes donde arribaron 206 nuevos contenedores que fueron descargados por parte de la compa\u00f1\u00eda internacional de transporte mar\u00edtimo MSC, estos se suman a los 200 que ya llegaron hace 15 d\u00edas y regresaron de Virasoro listos para la exportaci\u00f3n de madera a Austria y B\u00e9lgica. \u201cHoy es un gran d\u00eda para Corrientes\u201d, celebr\u00f3 en la ocasi\u00f3n el mandatario al resaltar el movimiento productivo que dio inicio la provincia.<\/p>\n\n\n\n<p>Desde este martes se inici\u00f3 la llegada de la segunda tanda de 206 contenedores vac\u00edos que tendr\u00e1n como primer destino la planta de AconTimber, el aserradero de capitales belga-austr\u00edacos que se instal\u00f3 en la provincia de Corrientes, sobre la Ruta Nacional 120, muy cerca de la ciudad de Virasoro. All\u00ed, se iniciar\u00e1 el cargamento de madera y luego regresar\u00e1n a Corrientes por v\u00eda terrestre hasta llegar una vez m\u00e1s al puerto de la capital provincial donde volver\u00e1n a cargar y saldr\u00e1n por la terminal fluvial.<\/p>\n\n\n\n<p>En paralelo al arribo de los nuevos contenedores se produjo la llegada de otros 200 contenedores que fueron cargados de madera en Virasoro listo para su exportaci\u00f3n a Austria y B\u00e9lgica. Es decir, que en el puerto de Corrientes en la zona primaria se pudo observar que los operarios trabajaron sobre los contenedores fules llenos y a la vez, en la descargada de los contenedores vac\u00edos que tienen como destino AconTimber.<\/p>\n\n\n\n<figure class=\"wp-block-image size-large\"><img loading=\"lazy\" decoding=\"async\" width=\"1024\" height=\"671\" src=\"https:\/\/corrientesdetarde.com\/wp-content\/uploads\/2024\/08\/image-260-1024x671.png\" alt=\"\" class=\"wp-image-157984\" srcset=\"https:\/\/corrientesdetarde.com\/wp-content\/uploads\/2024\/08\/image-260-1024x671.png 1024w, https:\/\/corrientesdetarde.com\/wp-content\/uploads\/2024\/08\/image-260-300x197.png 300w, https:\/\/corrientesdetarde.com\/wp-content\/uploads\/2024\/08\/image-260-768x504.png 768w, https:\/\/corrientesdetarde.com\/wp-content\/uploads\/2024\/08\/image-260.png 1356w\" sizes=\"auto, (max-width: 1024px) 100vw, 1024px\" \/><\/figure>\n\n\n\n<p>Acompa\u00f1aron en esta recorrida al gobernador la ministra de Industria, Mariel Gabur y el director de Transporte Fluvial y Puertos, Adolfo Escobar Damus; en representaci\u00f3n de MSC, Alonso Sope\u00f1a Guill\u00e9n, Pablo L\u00f3pez y Romina Moreno, gerente general, gerente de log\u00edstica y directora comercial, respectivamente.<\/p>\n\n\n\n<p><strong>El primer paso para Corrientes<\/strong><\/p>\n\n\n\n<p>\u201cHoy es un gran d\u00eda para Corrientes\u201d, celebr\u00f3 Vald\u00e9s este martes en el Puerto, ya que \u201ces el primer d\u00eda donde vamos a estar sacando la producci\u00f3n del norte de la Provincia, proveniente de AconTimber\u201d, el aserradero de capitales austr\u00edaco-belga instalado en Virasoro, a trav\u00e9s del puerto de la ciudad Capital que se volvi\u00f3 a reactivar, agreg\u00f3. Remarc\u00f3 as\u00ed que \u201ces muy importante para Corrientes que podamos volver a utilizar la v\u00eda fluvial para sacar nuestra producci\u00f3n\u201d y en ese marco es que, dijo, \u201cestamos realizando la primera carga de lo ya producido en el norte provincial\u201d.<\/p>\n\n\n\n<p>Sostuvo que \u201cesto sirve para posicionarnos en el pa\u00eds y salir al mundo, que es hacia donde terminan yendo estos contenedores y poder mover el comercio\u201d. Asimismo, inst\u00f3 a que \u201ctenemos que animar a todas las asociaciones y comerciantes, que estos contenedores que vengan vac\u00edo puedan venir cargados, y que esa carga sea para comercializaci\u00f3n, porque esto es mover e incluir a Corrientes en el comercio mundial\u201d.<\/p>\n\n\n\n<p>El Gobernador inform\u00f3 que en la oportunidad \u201cestamos con m\u00e1s de 400 contenedores, e incorporando a otras empresas, ofreciendo para que puedan mandar su producci\u00f3n al mundo, como Las Mar\u00edas y otras que necesiten tener salida\u201d, a lo que afirm\u00f3 que \u201cla Hidrov\u00eda para nosotros es un gran desaf\u00edo\u201d.<\/p>\n\n\n\n<p>Por otra parte, se\u00f1al\u00f3 adem\u00e1s que \u201ces el primer paso para poner en marcha el puerto de Ituzaing\u00f3, que es una gran inversi\u00f3n de los correntinos y que permitir\u00e1 poder sacar toda la producci\u00f3n e industrializaci\u00f3n correntina\u201d. El mismo tendr\u00e1 una capacidad para m\u00e1s de 3 mil contenedores fules.<\/p>\n\n\n\n<p>En tanto, este jueves, desde sus redes sociales, el gobernador agreg\u00f3 que \u201ceste hito en la cadena productiva e industrial de la provincia es resultado de la \u00faltima gira por Suiza, donde acordamos esta etapa del proceso con la empresa log\u00edstica MSC\u201d.<\/p>\n\n\n\n<p><strong>Detalles de la log\u00edstica<\/strong><\/p>\n\n\n\n<p>Por su parte, el director de Transporte Fluvial y Puertos, Adolfo Escobar Damus sostuvo que \u201cen las pr\u00f3ximas horas se comenzar\u00e1n a cargar los 200 contendedores que arribaron con un volumen hist\u00f3rico para la provincia\u201d dejando en evidencia que \u201cestamos en un momento muy importante con realidades m\u00e1s que promesas\u201d.<\/p>\n\n\n\n<p>\u201cOptimizando los tiempos y a la vez, sostenemos las premisas del tr\u00e1nsito vehicular para no dificultar la circulaci\u00f3n de los ciudadanos en la ciudad\u201d, coment\u00f3 al referirse a la log\u00edstica que se aplica a la hora de trasladar los contenedores hasta la ciudad de Virasoro.<\/p>\n\n\n\n<p>A su vez, Escobar Damus explic\u00f3 que \u201cla carga de fules es el primer paso de un muy buen momento de la actividad portuaria de la provincia dadas por las iniciativas del Gobernador\u201d y adelant\u00f3 que \u201cen dos semanas estar\u00e1 viniendo una nueva barcaza para la carga de m\u00e1s contenedores\u201d. \u201cTener dos grandes cargas en menos de 15 d\u00edas era algo impensado hace un tiempo atr\u00e1s y hoy lo estamos haciendo posible\u201d, resalt\u00f3.<\/p>\n\n\n\n<p>Por \u00faltimo, hizo referencia a la articulaci\u00f3n con la empresa MSC diciendo que \u201ctenemos una fuerte apuesta y le generamos satisfacci\u00f3n dejando en evidencia que Corrientes est\u00e1 a la altura de las circunstancias\u201d.<\/p>\n\n\n\n<p><strong>Representaci\u00f3n de MSC<\/strong><\/p>\n\n\n\n<p>Por su parte, el gerente general de Mediterranean Shipping Company (MSC), empresa naviera de transporte de contenedores, Ignacio Sope\u00f1a, que trabaja en el Puerto de la ciudad de Corrientes, expres\u00f3 su agradecimiento que \u201cen poco tiempo ya estemos haciendo una operaci\u00f3n tan importante para las exportaciones de la Provincia\u201d. Se mostr\u00f3 sorprendido por el trabajo de todos los equipos y los operarios, as\u00ed que \u201cestamos aqu\u00ed para empezar a trabajar de manera regular, y poner a Corrientes en el mundo\u201d.<\/p>\n\n\n\n<p>Asegur\u00f3 que \u201cMSC es la mayor compa\u00f1\u00eda naviera del mundo, as\u00ed que estar en Corrientes para nosotros es un honor y un privilegio\u201d. Detall\u00f3 que \u201cse trajeron los vac\u00edos tanto de Paraguay como desde el Puerto de Buenos Aires, y ahora se est\u00e1n descargando los vac\u00edos, y se comenzar\u00e1 a cargar los llenos, que ir\u00e1n a Buenos Aires y de all\u00ed al resto del mundo\u201d.<\/p>\n\n\n\n<p>Sope\u00f1a cont\u00f3 que se van a cargar unos 200 contenedores en esta primera escala, ya que \u201cvamos a venir cada 15 d\u00edas y la intenci\u00f3n es subir la capacidad de los barcos, conforme se vayan uniendo nuevos exportadores e importadores\u201d, dijo.<\/p>\n","protected":false},"excerpt":{"rendered":"<p>El gobernador Gustavo Vald\u00e9s recorri\u00f3 este martes el Puerto de Corrientes donde arribaron 206 nuevos contenedores que fueron descargados por parte de la compa\u00f1\u00eda internacional de transporte mar\u00edtimo MSC, estos&hellip; <\/p>\n","protected":false},"author":4,"featured_media":157985,"comment_status":"closed","ping_status":"open","sticky":false,"template":"","format":"standard","meta":{"footnotes":""},"categories":[20,8],"tags":[],"class_list":["post-157982","post","type-post","status-publish","format-standard","has-post-thumbnail","hentry","category-economia","category-locales"],"_links":{"self":[{"href":"https:\/\/corrientesdetarde.com\/index.php\/wp-json\/wp\/v2\/posts\/157982","targetHints":{"allow":["GET"]}}],"collection":[{"href":"https:\/\/corrientesdetarde.com\/index.php\/wp-json\/wp\/v2\/posts"}],"about":[{"href":"https:\/\/corrientesdetarde.com\/index.php\/wp-json\/wp\/v2\/types\/post"}],"author":[{"embeddable":true,"href":"https:\/\/corrientesdetarde.com\/index.php\/wp-json\/wp\/v2\/users\/4"}],"replies":[{"embeddable":true,"href":"https:\/\/corrientesdetarde.com\/index.php\/wp-json\/wp\/v2\/comments?post=157982"}],"version-history":[{"count":1,"href":"https:\/\/corrientesdetarde.com\/index.php\/wp-json\/wp\/v2\/posts\/157982\/revisions"}],"predecessor-version":[{"id":157986,"href":"https:\/\/corrientesdetarde.com\/index.php\/wp-json\/wp\/v2\/posts\/157982\/revisions\/157986"}],"wp:featuredmedia":[{"embeddable":true,"href":"https:\/\/corrientesdetarde.com\/index.php\/wp-json\/wp\/v2\/media\/157985"}],"wp:attachment":[{"href":"https:\/\/corrientesdetarde.com\/index.php\/wp-json\/wp\/v2\/media?parent=157982"}],"wp:term":[{"taxonomy":"category","embeddable":true,"href":"https:\/\/corrientesdetarde.com\/index.php\/wp-json\/wp\/v2\/categories?post=157982"},{"taxonomy":"post_tag","embeddable":true,"href":"https:\/\/corrientesdetarde.com\/index.php\/wp-json\/wp\/v2\/tags?post=157982"}],"curies":[{"name":"wp","href":"https:\/\/api.w.org\/{rel}","templated":true}]}}