{"id":158005,"date":"2024-08-08T13:39:52","date_gmt":"2024-08-08T16:39:52","guid":{"rendered":"https:\/\/corrientesdetarde.com\/?p=158005"},"modified":"2024-08-08T13:39:53","modified_gmt":"2024-08-08T16:39:53","slug":"11a-sesion-ordinaria-el-senado-impulsa-leyes-en-temas-de-salud-y-puesta-en-valor-de-la-cultura","status":"publish","type":"post","link":"https:\/\/corrientesdetarde.com\/index.php\/sociales\/11a-sesion-ordinaria-el-senado-impulsa-leyes-en-temas-de-salud-y-puesta-en-valor-de-la-cultura\/","title":{"rendered":"11\u00aa sesi\u00f3n ordinaria: El Senado impulsa leyes en temas de salud y puesta en valor de la cultura"},"content":{"rendered":"\n<p><\/p>\n\n\n\n<p>La C\u00e1mara de Senadores presidida por el vicegobernador, Pedro Braillard Poccard, llev\u00f3 a cabo este jueves su 11\u00aa sesi\u00f3n ordinaria, en la cual se convirti\u00f3 en ley el Proyecto remitido por la Honorable C\u00e1mara de Diputados por el que se modifica el art\u00edculo 1\u00ba de la Ley N\u00ba 3278 &#8211; Instituye el D\u00eda del Chamam\u00e9, en conmemoraci\u00f3n a la fecha del fallecimiento del destacado folclorista y distinguido artista correntino Don Mario del Tr\u00e1nsito Cocomarola.<\/p>\n\n\n\n<p>Asimismo, el Proyecto venido de la Honorable C\u00e1mara de Diputados por el que se instituye el 12 de abril de cada a\u00f1o como D\u00eda Provincial del S\u00edndrome de Gould. El mismo tiene la finalidad de generar actividades de concientizaci\u00f3n, la importancia de la detecci\u00f3n precoz y acciones tendientes a difundir las particularidades del S\u00edndrome de Gould en la sociedad en general y en las comunidades cient\u00edficas, educativas, culturales y laborales.<\/p>\n\n\n\n<p>En tanto, la C\u00e1mara alta pidi\u00f3 la incorporaci\u00f3n al orden del d\u00eda, su tratamiento sobre tablas y convirti\u00f3 en ley el Proyecto venido de la Honorable C\u00e1mara de Diputados que remite en revisi\u00f3n Proyecto de Ley por el que se instituye el 19 de noviembre de 1732 como fecha de fundaci\u00f3n de la localidad de Saladas.<\/p>\n\n\n\n<p>Seguidamente, el Proyecto de Ley presentado por el Senador Di\u00f3genes Ignacio Gonz\u00e1lez de Accesibilidad Cognitiva y Comunicacional: Lectura F\u00e1cil, pas\u00f3 con media sanci\u00f3n a la C\u00e1mara de Diputados.<\/p>\n\n\n\n<p>De igual modo, obtuvo media sanci\u00f3n el Proyecto de Ley presentado por el Senador Di\u00f3genes Ignacio Gonz\u00e1lez por el que se declaran Monumentos Hist\u00f3ricos e integrantes del Patrimonio Cultural de la Provincia a los \u201cPontones Flotantes\u201d donde funcionan el \u201cCentro Cultural Flotante Siete Corrientes\u201d, el \u201cYatch Club Corrientes\u201d, el \u201cClub de Caza y Pesca Mbigua Mboy\u201d y la \u201cSede COMUPE &#8211; Comisi\u00f3n Municipal de Pesca de Goya\u201d.<\/p>\n\n\n\n<p>Y el Proyecto de Ley presentado por la Senadora Lucrecia Adriana L\u00e9rtora por el que se instituye como \u201cFiesta Provincial del Agricultor\u201d la que anualmente se celebra en el mes de septiembre en la localidad de Carolina &#8211; Departamento Goya, tambi\u00e9n pas\u00f3 con media sanci\u00f3n a la C\u00e1mara baja.<\/p>\n\n\n\n<p>Sumado a esto, se prest\u00f3 el acuerdo a los siguientes pliegos remitidos por el Poder Ejecutivo Provincial: para la designaci\u00f3n en el cargo de Juez de Garant\u00edas de la Primera Circunscripci\u00f3n Judicial con asiento en la ciudad de Santa Rosa (Corrientes), para la Dra. Elsa Leonor Derkach. Y en el cargo de Fiscal de la Unidad Fiscal de Investigaciones Concretas -UFIC- de la Segunda Circunscripci\u00f3n Judicial con asiento en la ciudad de Esquina (Corrientes), para el Dr. Javier Gustavo Mosquera.<\/p>\n\n\n\n<p>Inter\u00e9s legislativo<\/p>\n\n\n\n<p>Se expres\u00f3 el inter\u00e9s legislativo por la presentaci\u00f3n del Libro \u201cIdeas y Penumbras (autor: Julio Argentino Tama\u00f1o), declaraci\u00f3n presentada por el Senador Di\u00f3genes Ignacio Gonz\u00e1lez; la celebraci\u00f3n del cincuentenario de la Orquesta Folkl\u00f3rica Provincial y el homenaje y reconocimiento al aporte en materia de cultura y educaci\u00f3n, realizado por el Maestro Miguel \u00c1ngel Fern\u00e1ndez Luque, tambi\u00e9n del Senador Di\u00f3genes Ignacio Gonz\u00e1lez.<\/p>\n\n\n\n<p>La celebraci\u00f3n del Festival de M\u00fasica Lapacho, impulsado por el Senador Jos\u00e9 Arnaldo Ruiz Arag\u00f3n; el libro titulado \u201cKiarkier\u201d llegada a la tierra &#8211; Tomo I, cuya autor\u00eda pertenece a la Se\u00f1ora Mar\u00eda Sandra \u00dabeda, iniciativa de la Senadora Sonia Beatriz Quintana.<\/p>\n\n\n\n<p>La carrera solidaria denominada \u201cYo amo a un ni\u00f1o con autismo\u201d, que se realizar\u00e1 el 25 de agosto en la Costanera de la ciudad de Corrientes, impulsado por el Senador Mart\u00edn Miguel Barrionuevo. El reconocimiento \u201cGeneral San Mart\u00edn\u201d a la trayectoria profesional y acad\u00e9mica de la Dra. Mirta Gladis Sotelo de Andreau, que se llevar\u00e1 a cabo en el Recinto de sesiones del Palacio Legislativo el d\u00eda 20 de agosto de 2024, presentado por el Senador Noel Eugenio Breard y otros.<\/p>\n\n\n\n<p>Se expres\u00f3 repudio a la reuni\u00f3n mantenida por legisladores nacionales del Bloque La Libertad Avanza con genocidas condenados por delitos de lesa humanidad, autor\u00eda de los Senadores del Bloque del Partido Justicialista.<\/p>\n\n\n\n<figure class=\"wp-block-image size-large\"><img loading=\"lazy\" decoding=\"async\" width=\"682\" height=\"1024\" src=\"https:\/\/corrientesdetarde.com\/wp-content\/uploads\/2024\/08\/WhatsApp-Image-2024-08-08-at-13.22.30_24bedf81-682x1024.jpg\" alt=\"\" class=\"wp-image-158006\" srcset=\"https:\/\/corrientesdetarde.com\/wp-content\/uploads\/2024\/08\/WhatsApp-Image-2024-08-08-at-13.22.30_24bedf81-682x1024.jpg 682w, https:\/\/corrientesdetarde.com\/wp-content\/uploads\/2024\/08\/WhatsApp-Image-2024-08-08-at-13.22.30_24bedf81-200x300.jpg 200w, https:\/\/corrientesdetarde.com\/wp-content\/uploads\/2024\/08\/WhatsApp-Image-2024-08-08-at-13.22.30_24bedf81-768x1152.jpg 768w, https:\/\/corrientesdetarde.com\/wp-content\/uploads\/2024\/08\/WhatsApp-Image-2024-08-08-at-13.22.30_24bedf81.jpg 853w\" sizes=\"auto, (max-width: 682px) 100vw, 682px\" \/><\/figure>\n","protected":false},"excerpt":{"rendered":"<p>La C\u00e1mara de Senadores presidida por el vicegobernador, Pedro Braillard Poccard, llev\u00f3 a cabo este jueves su 11\u00aa sesi\u00f3n ordinaria, en la cual se convirti\u00f3 en ley el Proyecto remitido&hellip; <\/p>\n","protected":false},"author":1,"featured_media":158007,"comment_status":"closed","ping_status":"open","sticky":false,"template":"","format":"standard","meta":{"footnotes":""},"categories":[17],"tags":[],"class_list":["post-158005","post","type-post","status-publish","format-standard","has-post-thumbnail","hentry","category-sociales"],"_links":{"self":[{"href":"https:\/\/corrientesdetarde.com\/index.php\/wp-json\/wp\/v2\/posts\/158005","targetHints":{"allow":["GET"]}}],"collection":[{"href":"https:\/\/corrientesdetarde.com\/index.php\/wp-json\/wp\/v2\/posts"}],"about":[{"href":"https:\/\/corrientesdetarde.com\/index.php\/wp-json\/wp\/v2\/types\/post"}],"author":[{"embeddable":true,"href":"https:\/\/corrientesdetarde.com\/index.php\/wp-json\/wp\/v2\/users\/1"}],"replies":[{"embeddable":true,"href":"https:\/\/corrientesdetarde.com\/index.php\/wp-json\/wp\/v2\/comments?post=158005"}],"version-history":[{"count":1,"href":"https:\/\/corrientesdetarde.com\/index.php\/wp-json\/wp\/v2\/posts\/158005\/revisions"}],"predecessor-version":[{"id":158009,"href":"https:\/\/corrientesdetarde.com\/index.php\/wp-json\/wp\/v2\/posts\/158005\/revisions\/158009"}],"wp:featuredmedia":[{"embeddable":true,"href":"https:\/\/corrientesdetarde.com\/index.php\/wp-json\/wp\/v2\/media\/158007"}],"wp:attachment":[{"href":"https:\/\/corrientesdetarde.com\/index.php\/wp-json\/wp\/v2\/media?parent=158005"}],"wp:term":[{"taxonomy":"category","embeddable":true,"href":"https:\/\/corrientesdetarde.com\/index.php\/wp-json\/wp\/v2\/categories?post=158005"},{"taxonomy":"post_tag","embeddable":true,"href":"https:\/\/corrientesdetarde.com\/index.php\/wp-json\/wp\/v2\/tags?post=158005"}],"curies":[{"name":"wp","href":"https:\/\/api.w.org\/{rel}","templated":true}]}}