{"id":158010,"date":"2024-08-08T13:43:34","date_gmt":"2024-08-08T16:43:34","guid":{"rendered":"https:\/\/corrientesdetarde.com\/?p=158010"},"modified":"2024-08-08T13:43:41","modified_gmt":"2024-08-08T16:43:41","slug":"concientizacion-ambiental-tassano-habilito-el-espacio-recuperado-165-y-acompano-la-plantacion-de-arboles","status":"publish","type":"post","link":"https:\/\/corrientesdetarde.com\/index.php\/sociales\/concientizacion-ambiental-tassano-habilito-el-espacio-recuperado-165-y-acompano-la-plantacion-de-arboles\/","title":{"rendered":"Concientizaci\u00f3n ambiental: Tassano habilit\u00f3 el espacio recuperado 165 y acompa\u00f1\u00f3 la plantaci\u00f3n de \u00e1rboles"},"content":{"rendered":"\n<p><em>El intendente encabez\u00f3 dos encuentros de consolidaci\u00f3n de acciones de preservaci\u00f3n del medioambiente. Primero observaron la plantaci\u00f3n de \u00e1rboles en una plaza, a cargo de alumnos y exalumnas de la Escuela 293, del barrio Pujol. Luego, en el vecino barrio Primera Junta, dej\u00f3 inaugurado un nuevo sitio p\u00fablico recuperado tras erradicar un minibasural.<\/em>\u00a0Los espacios recuperados en distintos barrios donde hab\u00eda un minibasural dif\u00edcil de erradicar ya suman 165 en la ciudad. Esta es una tarea conjunta entre la Municipalidad y vecinos para tener un sitio saneado, terminar con la acumulaci\u00f3n de basura sacada fuera de horario y embellecer esos espacios con parquizado y un mural alusivo al barrio o una imagen religiosa. En este caso, el nuevo espacio recuperado est\u00e1 en el barrio Primera Junta -calles Amado Bonpland y D\u00e1valos &#8211; que fue habilitado esta ma\u00f1ana por el intendente Eduardo Tassano, funcionarios comunales y habitantes del lugar. Antes de habilitar el espacio recuperado, Tassano estuvo en la plaza del barrio Pujol, en la plantaci\u00f3n de \u00e1rboles a carga de alumnos y alumnas de la Escuela 293.Se trata de otra acci\u00f3n que se expande en la ciudad como uno de los programas centrales de Concientizaci\u00f3n ambiental y lucha contra el cambio clim\u00e1tico. A la vez, es un aporte a la transformaci\u00f3n de Corrientes como ciudad sustentable, un eje de la gesti\u00f3n que lidera el intendente. RECUPERADO\u201c Seguimos trabajando con los vecinos para generar espacios recuperados que sirvan de ejemplo para el resto del barrio y toda la ciudad\u201d, indic\u00f3 el intendente en la inauguraci\u00f3n del espacio recuperado 165 en donde se entroniz\u00f3 la imagen de la Virgen de Itat\u00ed, donada por una vecina.A su vez, el Tassano remarc\u00f3 que en los diferentes puntos de la ciudad contin\u00faan apostando \u201cal esquema de recolecci\u00f3n de residuos diferenciados\u201d para mantener vigente el eje de gesti\u00f3n de una ciudad m\u00e1s sustentable. Por otro lado, el intendente se refiri\u00f3 a la plantaci\u00f3n de \u00e1rboles en la plaza del barrio Pujol y dijo: \u201cEsto tiene un significado para la lucha contra el cambio clim\u00e1tico ya la vez, vamos plantando las ideas a los m\u00e1s peque\u00f1os sobre la importancia de preservar el ambiente\u201d. CONCIENCIA AMBIENTAL Por su parte, el secretario de Ambiente y Desarrollo Sustentable, Ignacio Maldonado Yonna, destac\u00f3 la plantaci\u00f3n de \u00e1rboles que se realiz\u00f3 con estudiantes del colegio y jard\u00edn de infantes del barrio Pujol e indic\u00f3 que \u201cavanzamos con el programa &#8216;Un \u00e1rbol, un vecino&#8217; en los barrios Itat\u00ed, Seminario y Pujol\u201d, manteniendo as\u00ed a los vecinos como protagonistas y generando conciencia. Sobre este \u00faltimo, Maldonado mencion\u00f3 que \u00a8se trabaja con promotores ambientales para que se respeten los horarios de sacar la basura y generar una ciudad m\u00e1s limpia\u201d.<\/p>\n\n\n\n<figure class=\"wp-block-embed is-type-video is-provider-youtube wp-block-embed-youtube wp-embed-aspect-16-9 wp-has-aspect-ratio\"><div class=\"wp-block-embed__wrapper\">\n<iframe loading=\"lazy\" title=\"Tassano habilit\u00f3 el espacio recuperado 165 y acompa\u00f1\u00f3 la plantaci\u00f3n de \u00e1rboles\" width=\"1110\" height=\"624\" src=\"https:\/\/www.youtube.com\/embed\/5EjBSKt0TUs?feature=oembed\" frameborder=\"0\" allow=\"accelerometer; autoplay; clipboard-write; encrypted-media; gyroscope; picture-in-picture; web-share\" referrerpolicy=\"strict-origin-when-cross-origin\" allowfullscreen><\/iframe>\n<\/div><\/figure>\n\n\n\n<figure class=\"wp-block-image size-large\"><img loading=\"lazy\" decoding=\"async\" width=\"1024\" height=\"682\" src=\"https:\/\/corrientesdetarde.com\/wp-content\/uploads\/2024\/08\/image-268-1024x682.png\" alt=\"\" class=\"wp-image-158011\" srcset=\"https:\/\/corrientesdetarde.com\/wp-content\/uploads\/2024\/08\/image-268-1024x682.png 1024w, https:\/\/corrientesdetarde.com\/wp-content\/uploads\/2024\/08\/image-268-300x200.png 300w, https:\/\/corrientesdetarde.com\/wp-content\/uploads\/2024\/08\/image-268-768x512.png 768w, https:\/\/corrientesdetarde.com\/wp-content\/uploads\/2024\/08\/image-268.png 1280w\" sizes=\"auto, (max-width: 1024px) 100vw, 1024px\" \/><\/figure>\n\n\n\n<figure class=\"wp-block-image size-large\"><img loading=\"lazy\" decoding=\"async\" width=\"1024\" height=\"682\" src=\"https:\/\/corrientesdetarde.com\/wp-content\/uploads\/2024\/08\/image-270-1024x682.png\" alt=\"\" class=\"wp-image-158013\" srcset=\"https:\/\/corrientesdetarde.com\/wp-content\/uploads\/2024\/08\/image-270-1024x682.png 1024w, https:\/\/corrientesdetarde.com\/wp-content\/uploads\/2024\/08\/image-270-300x200.png 300w, https:\/\/corrientesdetarde.com\/wp-content\/uploads\/2024\/08\/image-270-768x512.png 768w, https:\/\/corrientesdetarde.com\/wp-content\/uploads\/2024\/08\/image-270.png 1280w\" sizes=\"auto, (max-width: 1024px) 100vw, 1024px\" \/><\/figure>\n\n\n\n<figure class=\"wp-block-image size-large\"><img loading=\"lazy\" decoding=\"async\" width=\"1024\" height=\"682\" src=\"https:\/\/corrientesdetarde.com\/wp-content\/uploads\/2024\/08\/image-271-1024x682.png\" alt=\"\" class=\"wp-image-158014\" srcset=\"https:\/\/corrientesdetarde.com\/wp-content\/uploads\/2024\/08\/image-271-1024x682.png 1024w, https:\/\/corrientesdetarde.com\/wp-content\/uploads\/2024\/08\/image-271-300x200.png 300w, https:\/\/corrientesdetarde.com\/wp-content\/uploads\/2024\/08\/image-271-768x512.png 768w, https:\/\/corrientesdetarde.com\/wp-content\/uploads\/2024\/08\/image-271.png 1280w\" sizes=\"auto, (max-width: 1024px) 100vw, 1024px\" \/><\/figure>\n\n\n\n<figure class=\"wp-block-image size-large\"><img loading=\"lazy\" decoding=\"async\" width=\"1024\" height=\"682\" src=\"https:\/\/corrientesdetarde.com\/wp-content\/uploads\/2024\/08\/image-272-1024x682.png\" alt=\"\" class=\"wp-image-158015\" srcset=\"https:\/\/corrientesdetarde.com\/wp-content\/uploads\/2024\/08\/image-272-1024x682.png 1024w, https:\/\/corrientesdetarde.com\/wp-content\/uploads\/2024\/08\/image-272-300x200.png 300w, https:\/\/corrientesdetarde.com\/wp-content\/uploads\/2024\/08\/image-272-768x512.png 768w, https:\/\/corrientesdetarde.com\/wp-content\/uploads\/2024\/08\/image-272.png 1280w\" sizes=\"auto, (max-width: 1024px) 100vw, 1024px\" \/><\/figure>\n\n\n\n<figure class=\"wp-block-image size-large\"><img loading=\"lazy\" decoding=\"async\" width=\"1024\" height=\"682\" src=\"https:\/\/corrientesdetarde.com\/wp-content\/uploads\/2024\/08\/image-273-1024x682.png\" alt=\"\" class=\"wp-image-158016\" srcset=\"https:\/\/corrientesdetarde.com\/wp-content\/uploads\/2024\/08\/image-273-1024x682.png 1024w, https:\/\/corrientesdetarde.com\/wp-content\/uploads\/2024\/08\/image-273-300x200.png 300w, https:\/\/corrientesdetarde.com\/wp-content\/uploads\/2024\/08\/image-273-768x512.png 768w, https:\/\/corrientesdetarde.com\/wp-content\/uploads\/2024\/08\/image-273.png 1280w\" sizes=\"auto, (max-width: 1024px) 100vw, 1024px\" \/><\/figure>\n\n\n\n<figure class=\"wp-block-image size-large\"><img loading=\"lazy\" decoding=\"async\" width=\"1024\" height=\"682\" src=\"https:\/\/corrientesdetarde.com\/wp-content\/uploads\/2024\/08\/image-274-1024x682.png\" alt=\"\" class=\"wp-image-158017\" srcset=\"https:\/\/corrientesdetarde.com\/wp-content\/uploads\/2024\/08\/image-274-1024x682.png 1024w, https:\/\/corrientesdetarde.com\/wp-content\/uploads\/2024\/08\/image-274-300x200.png 300w, https:\/\/corrientesdetarde.com\/wp-content\/uploads\/2024\/08\/image-274-768x512.png 768w, https:\/\/corrientesdetarde.com\/wp-content\/uploads\/2024\/08\/image-274.png 1280w\" sizes=\"auto, (max-width: 1024px) 100vw, 1024px\" \/><\/figure>\n","protected":false},"excerpt":{"rendered":"<p>El intendente encabez\u00f3 dos encuentros de consolidaci\u00f3n de acciones de preservaci\u00f3n del medioambiente. Primero observaron la plantaci\u00f3n de \u00e1rboles en una plaza, a cargo de alumnos y exalumnas de la&hellip; <\/p>\n","protected":false},"author":8,"featured_media":158012,"comment_status":"closed","ping_status":"open","sticky":false,"template":"","format":"standard","meta":{"footnotes":""},"categories":[17],"tags":[],"class_list":["post-158010","post","type-post","status-publish","format-standard","has-post-thumbnail","hentry","category-sociales"],"_links":{"self":[{"href":"https:\/\/corrientesdetarde.com\/index.php\/wp-json\/wp\/v2\/posts\/158010","targetHints":{"allow":["GET"]}}],"collection":[{"href":"https:\/\/corrientesdetarde.com\/index.php\/wp-json\/wp\/v2\/posts"}],"about":[{"href":"https:\/\/corrientesdetarde.com\/index.php\/wp-json\/wp\/v2\/types\/post"}],"author":[{"embeddable":true,"href":"https:\/\/corrientesdetarde.com\/index.php\/wp-json\/wp\/v2\/users\/8"}],"replies":[{"embeddable":true,"href":"https:\/\/corrientesdetarde.com\/index.php\/wp-json\/wp\/v2\/comments?post=158010"}],"version-history":[{"count":1,"href":"https:\/\/corrientesdetarde.com\/index.php\/wp-json\/wp\/v2\/posts\/158010\/revisions"}],"predecessor-version":[{"id":158018,"href":"https:\/\/corrientesdetarde.com\/index.php\/wp-json\/wp\/v2\/posts\/158010\/revisions\/158018"}],"wp:featuredmedia":[{"embeddable":true,"href":"https:\/\/corrientesdetarde.com\/index.php\/wp-json\/wp\/v2\/media\/158012"}],"wp:attachment":[{"href":"https:\/\/corrientesdetarde.com\/index.php\/wp-json\/wp\/v2\/media?parent=158010"}],"wp:term":[{"taxonomy":"category","embeddable":true,"href":"https:\/\/corrientesdetarde.com\/index.php\/wp-json\/wp\/v2\/categories?post=158010"},{"taxonomy":"post_tag","embeddable":true,"href":"https:\/\/corrientesdetarde.com\/index.php\/wp-json\/wp\/v2\/tags?post=158010"}],"curies":[{"name":"wp","href":"https:\/\/api.w.org\/{rel}","templated":true}]}}