{"id":158019,"date":"2024-08-08T13:57:20","date_gmt":"2024-08-08T16:57:20","guid":{"rendered":"https:\/\/corrientesdetarde.com\/?p=158019"},"modified":"2024-08-08T13:57:24","modified_gmt":"2024-08-08T16:57:24","slug":"este-fin-de-semana-la-municipalidad-propone-musica-electronica-pena-y-gastronomia","status":"publish","type":"post","link":"https:\/\/corrientesdetarde.com\/index.php\/eventossociedad\/este-fin-de-semana-la-municipalidad-propone-musica-electronica-pena-y-gastronomia\/","title":{"rendered":"Este fin de semana la Municipalidad propone m\u00fasica electr\u00f3nica, pe\u00f1a y gastronom\u00eda"},"content":{"rendered":"\n<p><em>La Municipalidad de Corrientes program\u00f3 para este viernes, s\u00e1bado y domingo una atractiva oferta de actividades culturales y recreativas para el disfrute de los vecinos y visitantes. Adem\u00e1s de las tradicionales ferias de artesanos y de chamam\u00e9, habr\u00e1 m\u00fasica para todos los gustos y exposiciones, como siempre al aire libre y con acceso gratuito.<\/em><\/p>\n\n\n\n<p>Como cada fin de semana, la Municipalidad de Corrientes prepar\u00f3 una amplia programaci\u00f3n de actividades al aire libre y con acceso gratuito, para los vecinos y turistas que visiten la ciudad.<br><br>Para quienes deseen llevarse un recuerdo o regalar algo especial, hecho por manos correntinas, pueden encontrar lo que buscan en la Feria de Artesanos que tendr\u00e1 lugar este viernes, de 9 a 22, en la plaza Cabral, y como es habitual se trasladar\u00e1 el s\u00e1bado y domingo, en el mismo horario, a la avenida Costanera Sur y calle Las Heras.<br><br>A las 20, en el marco del &#8216;Mes del Libertador&#8217;, se inaugurar\u00e1 una exposici\u00f3n de coleccionismo y dar\u00e1 inicio un ciclo de disertaciones en la Casa Molinas (Pellegrini 937).<br><br>El s\u00e1bado, de 9 a 12 y de 16 a 19, se llevar\u00e1 adelante en el Club de Regatas Corrientes la 3\u00aa fecha del Torneo Regional de Nataci\u00f3n. Participar\u00e1n cinco provincias con aproximadamente 290 nadadores.<br><br>Adem\u00e1s, desde las 15, se desarrollar\u00e1 el taller \u201cVentana al dise\u00f1o y moda sustentable\u201d, con clases de construcci\u00f3n de modelo de tejido y de reciclado de indumentaria, en la Escuela de Arte Municipal, ubicada en Av. Sarmiento 2145.<br><br>En tanto, desde las 16, en el Centro Cultural Adolfo Mors (Pellegrini 542) ser\u00e1 el turno del Master Class de ritmos &#8216;Camino al \u00c9xito&#8217;, con profesores e instructores invitados de latino, zumba y carnaval.<br><br>Tambi\u00e9n, desde las 16 y hasta la medianoche, se desarrollar\u00e1 una nueva edici\u00f3n del Muni Sunset (Festival de m\u00fasica electr\u00f3nica) en la playa Arazaty (play\u00f3n bajo el puente) con la presentaci\u00f3n de los DJs: Bulo Ae, Del Manzano y la artista visual Ailen Chaco.<br><br>En tanto que, en el parque Camba Cu\u00e1 (Chaco y Pellegrini), de 19 a 3, se realizar\u00e1 el Patio Gastron\u00f3mico, que incluir\u00e1 una feria de cerveceros artesanales, gastronom\u00eda local y Djs en vivo.<br><br>El domingo, de 8 a 12, se llevar\u00e1 adelante el cuadrangular deportivo de prevenci\u00f3n de consumos problem\u00e1ticos en el club Las Guainas del barrio Laguna Soto. En la intersecci\u00f3n de las calles Carau y Suiriri habr\u00e1 juegos, actividades deportivas y concientizaci\u00f3n.<br><br>Desde las 16, en la Rotonda Plaza Espa\u00f1a (Av. Pujol y Carlos Pellegrini) nuevamente desembarcar\u00e1 la Pe\u00f1a Oficial de la Ciudad. En esta oportunidad, actuar\u00e1n: el Elenco Municipal Selva Guaran\u00ed, el Ballet Esp\u00edritu Correntino, Los Aut\u00e9nticos del Chamam\u00e9, Los Rom\u00e1nticos, Osvaldo Gamarra y su grupo San Jorge, Emmanuel y sus Tarragoseros, Los Trangoni y la Pareja Nacional del Chamam\u00e9 2024: Milagros G\u00f3mez y Mauricio Morel. Habr\u00e1 adem\u00e1s ferias gastron\u00f3micas y emprendedoras.<br><br>Asimismo, en avenida Costanera y Pellegrini se llevar\u00e1 adelante \u201cCiudad de Dise\u00f1o\u201d, en el horario de 16 a 21. En esta ocasi\u00f3n quienes pasen por all\u00ed, se encontrar\u00e1n con m\u00faltiples productos artesanales, creativos hechos por emprendedores locales de dise\u00f1o, textiles, tejidos, did\u00e1cticos y mucho m\u00e1s. Habr\u00e1 adem\u00e1s emprendedores gastron\u00f3micos locales.<\/p>\n\n\n\n<figure class=\"wp-block-image size-large\"><img loading=\"lazy\" decoding=\"async\" width=\"1024\" height=\"682\" src=\"https:\/\/corrientesdetarde.com\/wp-content\/uploads\/2024\/08\/image-275-1024x682.png\" alt=\"\" class=\"wp-image-158020\" srcset=\"https:\/\/corrientesdetarde.com\/wp-content\/uploads\/2024\/08\/image-275-1024x682.png 1024w, https:\/\/corrientesdetarde.com\/wp-content\/uploads\/2024\/08\/image-275-300x200.png 300w, https:\/\/corrientesdetarde.com\/wp-content\/uploads\/2024\/08\/image-275-768x512.png 768w, https:\/\/corrientesdetarde.com\/wp-content\/uploads\/2024\/08\/image-275.png 1280w\" sizes=\"auto, (max-width: 1024px) 100vw, 1024px\" \/><\/figure>\n\n\n\n<figure class=\"wp-block-image size-large\"><img loading=\"lazy\" decoding=\"async\" width=\"1024\" height=\"682\" src=\"https:\/\/corrientesdetarde.com\/wp-content\/uploads\/2024\/08\/image-276-1024x682.png\" alt=\"\" class=\"wp-image-158021\" srcset=\"https:\/\/corrientesdetarde.com\/wp-content\/uploads\/2024\/08\/image-276-1024x682.png 1024w, https:\/\/corrientesdetarde.com\/wp-content\/uploads\/2024\/08\/image-276-300x200.png 300w, https:\/\/corrientesdetarde.com\/wp-content\/uploads\/2024\/08\/image-276-768x512.png 768w, https:\/\/corrientesdetarde.com\/wp-content\/uploads\/2024\/08\/image-276.png 1280w\" sizes=\"auto, (max-width: 1024px) 100vw, 1024px\" \/><\/figure>\n\n\n\n<figure class=\"wp-block-image size-large\"><img loading=\"lazy\" decoding=\"async\" width=\"1024\" height=\"682\" src=\"https:\/\/corrientesdetarde.com\/wp-content\/uploads\/2024\/08\/image-278-1024x682.png\" alt=\"\" class=\"wp-image-158023\" srcset=\"https:\/\/corrientesdetarde.com\/wp-content\/uploads\/2024\/08\/image-278-1024x682.png 1024w, https:\/\/corrientesdetarde.com\/wp-content\/uploads\/2024\/08\/image-278-300x200.png 300w, https:\/\/corrientesdetarde.com\/wp-content\/uploads\/2024\/08\/image-278-768x512.png 768w, https:\/\/corrientesdetarde.com\/wp-content\/uploads\/2024\/08\/image-278.png 1280w\" sizes=\"auto, (max-width: 1024px) 100vw, 1024px\" \/><\/figure>\n\n\n\n<figure class=\"wp-block-image size-large\"><img loading=\"lazy\" decoding=\"async\" width=\"819\" height=\"1024\" src=\"https:\/\/corrientesdetarde.com\/wp-content\/uploads\/2024\/08\/image-279-819x1024.png\" alt=\"\" class=\"wp-image-158024\" srcset=\"https:\/\/corrientesdetarde.com\/wp-content\/uploads\/2024\/08\/image-279-819x1024.png 819w, https:\/\/corrientesdetarde.com\/wp-content\/uploads\/2024\/08\/image-279-240x300.png 240w, https:\/\/corrientesdetarde.com\/wp-content\/uploads\/2024\/08\/image-279-768x960.png 768w, https:\/\/corrientesdetarde.com\/wp-content\/uploads\/2024\/08\/image-279.png 1024w\" sizes=\"auto, (max-width: 819px) 100vw, 819px\" \/><\/figure>\n\n\n\n<figure class=\"wp-block-image size-large\"><img loading=\"lazy\" decoding=\"async\" width=\"819\" height=\"1024\" src=\"https:\/\/corrientesdetarde.com\/wp-content\/uploads\/2024\/08\/image-280-819x1024.png\" alt=\"\" class=\"wp-image-158025\" srcset=\"https:\/\/corrientesdetarde.com\/wp-content\/uploads\/2024\/08\/image-280-819x1024.png 819w, https:\/\/corrientesdetarde.com\/wp-content\/uploads\/2024\/08\/image-280-240x300.png 240w, https:\/\/corrientesdetarde.com\/wp-content\/uploads\/2024\/08\/image-280-768x960.png 768w, https:\/\/corrientesdetarde.com\/wp-content\/uploads\/2024\/08\/image-280.png 1024w\" sizes=\"auto, (max-width: 819px) 100vw, 819px\" \/><\/figure>\n\n\n\n<figure class=\"wp-block-image size-large\"><img loading=\"lazy\" decoding=\"async\" width=\"819\" height=\"1024\" src=\"https:\/\/corrientesdetarde.com\/wp-content\/uploads\/2024\/08\/image-281-819x1024.png\" alt=\"\" class=\"wp-image-158026\" srcset=\"https:\/\/corrientesdetarde.com\/wp-content\/uploads\/2024\/08\/image-281-819x1024.png 819w, https:\/\/corrientesdetarde.com\/wp-content\/uploads\/2024\/08\/image-281-240x300.png 240w, https:\/\/corrientesdetarde.com\/wp-content\/uploads\/2024\/08\/image-281-768x960.png 768w, https:\/\/corrientesdetarde.com\/wp-content\/uploads\/2024\/08\/image-281.png 1024w\" sizes=\"auto, (max-width: 819px) 100vw, 819px\" \/><\/figure>\n","protected":false},"excerpt":{"rendered":"<p>La Municipalidad de Corrientes program\u00f3 para este viernes, s\u00e1bado y domingo una atractiva oferta de actividades culturales y recreativas para el disfrute de los vecinos y visitantes. Adem\u00e1s de las&hellip; <\/p>\n","protected":false},"author":8,"featured_media":158022,"comment_status":"closed","ping_status":"open","sticky":false,"template":"","format":"standard","meta":{"footnotes":""},"categories":[1208],"tags":[],"class_list":["post-158019","post","type-post","status-publish","format-standard","has-post-thumbnail","hentry","category-eventossociedad"],"_links":{"self":[{"href":"https:\/\/corrientesdetarde.com\/index.php\/wp-json\/wp\/v2\/posts\/158019","targetHints":{"allow":["GET"]}}],"collection":[{"href":"https:\/\/corrientesdetarde.com\/index.php\/wp-json\/wp\/v2\/posts"}],"about":[{"href":"https:\/\/corrientesdetarde.com\/index.php\/wp-json\/wp\/v2\/types\/post"}],"author":[{"embeddable":true,"href":"https:\/\/corrientesdetarde.com\/index.php\/wp-json\/wp\/v2\/users\/8"}],"replies":[{"embeddable":true,"href":"https:\/\/corrientesdetarde.com\/index.php\/wp-json\/wp\/v2\/comments?post=158019"}],"version-history":[{"count":1,"href":"https:\/\/corrientesdetarde.com\/index.php\/wp-json\/wp\/v2\/posts\/158019\/revisions"}],"predecessor-version":[{"id":158027,"href":"https:\/\/corrientesdetarde.com\/index.php\/wp-json\/wp\/v2\/posts\/158019\/revisions\/158027"}],"wp:featuredmedia":[{"embeddable":true,"href":"https:\/\/corrientesdetarde.com\/index.php\/wp-json\/wp\/v2\/media\/158022"}],"wp:attachment":[{"href":"https:\/\/corrientesdetarde.com\/index.php\/wp-json\/wp\/v2\/media?parent=158019"}],"wp:term":[{"taxonomy":"category","embeddable":true,"href":"https:\/\/corrientesdetarde.com\/index.php\/wp-json\/wp\/v2\/categories?post=158019"},{"taxonomy":"post_tag","embeddable":true,"href":"https:\/\/corrientesdetarde.com\/index.php\/wp-json\/wp\/v2\/tags?post=158019"}],"curies":[{"name":"wp","href":"https:\/\/api.w.org\/{rel}","templated":true}]}}