{"id":158028,"date":"2024-08-08T13:59:38","date_gmt":"2024-08-08T16:59:38","guid":{"rendered":"https:\/\/corrientesdetarde.com\/?p=158028"},"modified":"2024-08-08T13:59:50","modified_gmt":"2024-08-08T16:59:50","slug":"cardozo-firmo-un-convenio-con-la-presidente-de-la-cruz-roja","status":"publish","type":"post","link":"https:\/\/corrientesdetarde.com\/index.php\/bienestar-y-salud\/cardozo-firmo-un-convenio-con-la-presidente-de-la-cruz-roja\/","title":{"rendered":"Cardozo firm\u00f3 un convenio con la presidente de la Cruz Roja"},"content":{"rendered":"\n<p><em>Con este nuevo acuerdo, los alumnos de segundo y tercer a\u00f1o de la Tecnicatura en Laboratorio podr\u00e1n hacer sus pr\u00e1cticas en el Laboratorio Entomol\u00f3gico y las actividades de testeos de Epidemiolog\u00eda. En este marco, el Ministro destac\u00f3 el trabajo articulado con la instituci\u00f3n.<\/em><\/p>\n\n\n\n<p>El ministro de Salud P\u00fablica de la Provincia, Ricardo Cardozo, firm\u00f3 un convenio con la presidente de la Cruz Roja Argentina Filial Corrientes, Mariela Itat\u00ed Contreras, dando as\u00ed continuidad a la tarea de formaci\u00f3n y capacitaci\u00f3n que realizan ambas instituciones. El mismo, se llev\u00f3 adelante en el marco del convenio suscripto entre ambas instituciones en el a\u00f1o 2022.<\/p>\n\n\n\n<p>&nbsp;\u201cEs una premisa del gobernador Gustavo Vald\u00e9s la de trabajar articuladamente con todas las instituciones y es destacable la labor que lleva adelante la Cruz Roja en diferentes \u00e1mbitos, pero en este caso particular en lo que hace a la formaci\u00f3n. Estamos muy contentos con esto y la presidente nos manifest\u00f3 tambi\u00e9n su complacencia al respecto\u201d, dijo el ministro&nbsp;<strong>Ricardo Cardozo<\/strong>&nbsp;tras la r\u00fabrica. &nbsp;<\/p>\n\n\n\n<p>Participaron tambi\u00e9n por el Ministerio de Salud P\u00fablica la directora general de Epidemiologia, Angelina Bobadilla; la directora general de Asesor\u00eda Legal, Candelaria Campias y la subdirectora de Vigilancia de Laboratorios Ivana De Le\u00f3n. Por la Cruz Roja estuvieron la Asesora Legal Tatiana Sandrigo, y el director de la Tecnicatura de laboratorio, Juan Pablo Melana Colavita.<\/p>\n\n\n\n<p>El objetivo es aunar criterios para que los estudiantes de segundo y tercer a\u00f1o de la Tecnicatura Superior en Laboratorio de An\u00e1lisis Cl\u00ednicos, efect\u00faen actividades inherentes a los espacios curriculares en hospitales y redes de laboratorios pertenecientes al sector p\u00fablico. Asimismo, el fin es profundizar conocimientos, adquirir y desarrollar habilidades y destrezas que competen al perfil profesional.<\/p>\n\n\n\n<p>En el convenio, se precisa que los alumnos ser\u00e1n asignados a los espacios de pr\u00e1cticas convenidos con el \u00c1rea de la Direcci\u00f3n General de Epidemiologia y Patolog\u00edas Regionales. El plan de actividades y los esquemas de rotaci\u00f3n ser\u00e1n previamente consensuados entre las partes del acuerdo. La actividad de los estudiantes ser\u00e1 coordinada y controlada por el jefe de cada servicio o tutor.<\/p>\n\n\n\n<p>El acuerdo entrar\u00e1 en vigencia a partir de su suscripci\u00f3n, por dos a\u00f1os. En el mismo, establecieron que, de acuerdo a las necesidades de los centros donde se realicen las pr\u00e1cticas, podr\u00e1 autorizarse la pr\u00f3rroga de las actividades, por un per\u00edodo no superior a treinta d\u00edas finalizadas las mismas.<\/p>\n\n\n\n<figure class=\"wp-block-image size-large\"><img loading=\"lazy\" decoding=\"async\" width=\"1024\" height=\"683\" src=\"https:\/\/corrientesdetarde.com\/wp-content\/uploads\/2024\/08\/image-282-1024x683.png\" alt=\"\" class=\"wp-image-158029\" srcset=\"https:\/\/corrientesdetarde.com\/wp-content\/uploads\/2024\/08\/image-282-1024x683.png 1024w, https:\/\/corrientesdetarde.com\/wp-content\/uploads\/2024\/08\/image-282-300x200.png 300w, https:\/\/corrientesdetarde.com\/wp-content\/uploads\/2024\/08\/image-282-768x512.png 768w, https:\/\/corrientesdetarde.com\/wp-content\/uploads\/2024\/08\/image-282-1536x1024.png 1536w, https:\/\/corrientesdetarde.com\/wp-content\/uploads\/2024\/08\/image-282-2048x1365.png 2048w\" sizes=\"auto, (max-width: 1024px) 100vw, 1024px\" \/><\/figure>\n","protected":false},"excerpt":{"rendered":"<p>Con este nuevo acuerdo, los alumnos de segundo y tercer a\u00f1o de la Tecnicatura en Laboratorio podr\u00e1n hacer sus pr\u00e1cticas en el Laboratorio Entomol\u00f3gico y las actividades de testeos de&hellip; <\/p>\n","protected":false},"author":8,"featured_media":158030,"comment_status":"closed","ping_status":"open","sticky":false,"template":"","format":"standard","meta":{"footnotes":""},"categories":[16],"tags":[],"class_list":["post-158028","post","type-post","status-publish","format-standard","has-post-thumbnail","hentry","category-bienestar-y-salud"],"_links":{"self":[{"href":"https:\/\/corrientesdetarde.com\/index.php\/wp-json\/wp\/v2\/posts\/158028","targetHints":{"allow":["GET"]}}],"collection":[{"href":"https:\/\/corrientesdetarde.com\/index.php\/wp-json\/wp\/v2\/posts"}],"about":[{"href":"https:\/\/corrientesdetarde.com\/index.php\/wp-json\/wp\/v2\/types\/post"}],"author":[{"embeddable":true,"href":"https:\/\/corrientesdetarde.com\/index.php\/wp-json\/wp\/v2\/users\/8"}],"replies":[{"embeddable":true,"href":"https:\/\/corrientesdetarde.com\/index.php\/wp-json\/wp\/v2\/comments?post=158028"}],"version-history":[{"count":1,"href":"https:\/\/corrientesdetarde.com\/index.php\/wp-json\/wp\/v2\/posts\/158028\/revisions"}],"predecessor-version":[{"id":158031,"href":"https:\/\/corrientesdetarde.com\/index.php\/wp-json\/wp\/v2\/posts\/158028\/revisions\/158031"}],"wp:featuredmedia":[{"embeddable":true,"href":"https:\/\/corrientesdetarde.com\/index.php\/wp-json\/wp\/v2\/media\/158030"}],"wp:attachment":[{"href":"https:\/\/corrientesdetarde.com\/index.php\/wp-json\/wp\/v2\/media?parent=158028"}],"wp:term":[{"taxonomy":"category","embeddable":true,"href":"https:\/\/corrientesdetarde.com\/index.php\/wp-json\/wp\/v2\/categories?post=158028"},{"taxonomy":"post_tag","embeddable":true,"href":"https:\/\/corrientesdetarde.com\/index.php\/wp-json\/wp\/v2\/tags?post=158028"}],"curies":[{"name":"wp","href":"https:\/\/api.w.org\/{rel}","templated":true}]}}