{"id":158032,"date":"2024-08-08T14:03:33","date_gmt":"2024-08-08T17:03:33","guid":{"rendered":"https:\/\/corrientesdetarde.com\/?p=158032"},"modified":"2024-08-08T14:03:37","modified_gmt":"2024-08-08T17:03:37","slug":"la-municipalidad-rinde-homenaje-a-general-san-martin-con-charlas-y-exposiciones","status":"publish","type":"post","link":"https:\/\/corrientesdetarde.com\/index.php\/cultura\/la-municipalidad-rinde-homenaje-a-general-san-martin-con-charlas-y-exposiciones\/","title":{"rendered":"La Municipalidad rinde homenaje a General San Mart\u00edn con charlas y exposiciones\u00a0"},"content":{"rendered":"\n<figure class=\"wp-block-table\"><table><tbody><tr><td><em>Las actividades, a cargo de la Secretar\u00eda de Cultura y Educaci\u00f3n, iniciar\u00e1n este viernes, a las 20, en Casa Molinas donde se llevar\u00e1 adelante la inauguraci\u00f3n de la exposici\u00f3n &#8220;Un correntino llamado Jos\u00e9&#8221;, colecci\u00f3n privada de monedas y billetes alusivos al Gral. San Martin. Las propuestas se extender\u00e1n durante el mes de agosto en diferentes dependencias municipales.<\/em>La Municipalidad de Corrientes realizar\u00e1 m\u00faltiples actividades en el marco del 174\u00b0 Aniversario del fallecimiento del General Jos\u00e9 de San Mart\u00edn, que se conmemora el pr\u00f3ximo 17 de agosto. Desde este viernes y hasta el martes 27, se llevar\u00e1n adelante charlas, exposiciones, proyecciones de pel\u00edculas, entre otras.<br><br>Bajo el nombre \u201cMes del Libertador\u201d, las acciones est\u00e1n a cargo de la Secretar\u00eda de Cultura y Educaci\u00f3n, en conjunto con la Junta de Historia, el Instituto Sanmartiniano y la Asociaci\u00f3n Filat\u00e9lica Numism\u00e1tica Correntina (Asfinco). Las jornadas se realizar\u00e1n en la Casa Molina, Casa del Bicentenario, biblioteca recreativa El Palomar, Museo Arqueol\u00f3gico ex Casa Mart\u00ednez, entre otros puntos de la ciudad.<br><br>El viernes, a partir de las 20, en Casa Molinas (Pellegrini 937), se realizar\u00e1 la inauguraci\u00f3n de la exposici\u00f3n &#8220;Un correntino llamado Jos\u00e9&#8221;, colecci\u00f3n privada de monedas y billetes alusivos al Gral. San Martin.<br><br>El secretario de Cultura y Educaci\u00f3n, Jos\u00e9 Sand, afirm\u00f3 que se puso \u201cmucho \u00e9nfasis en una celebraci\u00f3n que tiene que ver con revalorizar a la figura de San Mart\u00edn, el legado que nos ha dejado, sobre todo estos valores que siguen vigentes y la identidad correntina, con la que nos identificamos, y tambi\u00e9n por todo lo que ha hecho en la historia y nos ha dejado para que se transmita de generaci\u00f3n en generaci\u00f3n\u201d.<br><br>En ese sentido, el funcionario explic\u00f3 que se arm\u00f3 \u201cuna agenda amplia e, interesante para honrar al Padre de la Patria, con charlas, disertaciones, presentaciones de libros, de billetes y monedas alusivas al General San Mart\u00edn\u201d.<br><br>\u201cAdem\u00e1s, tendremos funci\u00f3n de t\u00edteres, expresiones art\u00edsticas que se complementar\u00e1n con m\u00fasica y baile llevado adelante por el Departamento de Elenco Estable del Municipio en distintos espacios\u201d, agreg\u00f3 Sand.<br><br>CRONOGRAMA COMPLETO<br><br>Viernes 9 de agosto<br><br>-Casa Molinas &#8211; Pellegrini 937<br><br>20 h &#8211; Inauguraci\u00f3n de la exposici\u00f3n &#8220;Un correntino llamado Jos\u00e9&#8221;, colecci\u00f3n privada de monedas y billetes alusivos al Gral. San Martin<br><br>20.15 h &#8211; Charla: &#8220;Aspectos destacados en la vida del Gral. desde el coleccionismo&#8221; &#8211; Rolando Testolino y Rolando Marnucci<br><br>21 h &#8211; Charla: &#8220;Banderas Sanmartinianas\u201d &#8211; Lic. Claudia Bizarro<br><br>Martes 13 de agosto<br><br>-Casa del Bicentenario &#8211; Av. Laprida y Caracas<br><br>14 h &#8211; Proyecci\u00f3n de pel\u00edculas para los colegios alusivas al &#8220;Padre ce la Patria&#8221;<br><br>Viernes 16 de agosto<br><br>-Recinto Honorable Concejo Deliberante (HCD)<br><br>19 h &#8211; Charla: &#8220;Liderazgo Sanmartiniano&#8221; Cnel (R) Miguel Recupero<br><br>S\u00e1bado 17 de agosto<br><br>Biblioteca Recreativa El Palomar \u2013 Parque Mitre<br><br>17 h \u2013 T\u00edteres para ni\u00f1os \u201cEl buen soldado\u201d. Grupo teatral \u201cPuka\u201d<br><br>Martes 20<br><br>Casa Molinas &#8211; Pellegrini 937<br><br>10 h &#8211; Visitas guiadas para colegios a la exposici\u00f3n &#8220;Un correntino Llamado Jose&#8221;<br><br>Casa Mart\u00ednez Museo arqueol\u00f3gico &#8211; Quintana 971<br><br>17 h &#8211; Visitas guiadas para colegios exposici\u00f3n &#8220;Colecci\u00f3n privada Museo del Libertador Dr. Gaspar Moreno&#8221;.<br><br>Viernes 23<br><br>-Casa Mart\u00ednez Museo arqueol\u00f3gico \u2013 Quintana 971<br><br>18 h \u2013 Visitas guiadas para colegios exposici\u00f3n \u201cColecci\u00f3n privada Museo del Libertador Dr. Gaspar Moreno\u201d<br><br>19 h \u2013 Charlas: \u201cAbstracci\u00f3n y homenaje a la gloria de San Mart\u00edn\u201d. \u201cEl proyectista y la obra, aportes a la reflexi\u00f3n\u201d, Arq. Marisol Maciel<br><br>19.40 h \u2013 \u201cEdificio del Ministerio de Hacienda y Finanzas, palacio San Mart\u00edn\u201d. Arq. Mariel Gonz\u00e1lez<br><br>20.30 h \u2013 Presentaci\u00f3n y actuaci\u00f3n: Anal\u00eda Espindola<br><br>Martes 27 de agosto<br><br>-Casa Molinas Pellegrini 937<br><br>19 h &#8211; Charla: &#8220;Mitos y leyendas Sanmartinianas&#8221;. Dr. Enrique Deniri<br><br>19.40 h &#8211; Presentaci\u00f3n y actuaci\u00f3n del Elenco Estable Municipal<\/td><\/tr><\/tbody><\/table><\/figure>\n\n\n\n<figure class=\"wp-block-table\"><table><tbody><tr><td><\/td><\/tr><\/tbody><\/table><\/figure>\n\n\n\n<figure class=\"wp-block-image size-full\"><img loading=\"lazy\" decoding=\"async\" width=\"848\" height=\"565\" src=\"https:\/\/corrientesdetarde.com\/wp-content\/uploads\/2024\/08\/image-284.png\" alt=\"\" class=\"wp-image-158033\" srcset=\"https:\/\/corrientesdetarde.com\/wp-content\/uploads\/2024\/08\/image-284.png 848w, https:\/\/corrientesdetarde.com\/wp-content\/uploads\/2024\/08\/image-284-300x200.png 300w, https:\/\/corrientesdetarde.com\/wp-content\/uploads\/2024\/08\/image-284-768x512.png 768w\" sizes=\"auto, (max-width: 848px) 100vw, 848px\" \/><\/figure>\n\n\n\n<figure class=\"wp-block-image size-full\"><img loading=\"lazy\" decoding=\"async\" width=\"848\" height=\"565\" src=\"https:\/\/corrientesdetarde.com\/wp-content\/uploads\/2024\/08\/image-285.png\" alt=\"\" class=\"wp-image-158034\" srcset=\"https:\/\/corrientesdetarde.com\/wp-content\/uploads\/2024\/08\/image-285.png 848w, https:\/\/corrientesdetarde.com\/wp-content\/uploads\/2024\/08\/image-285-300x200.png 300w, https:\/\/corrientesdetarde.com\/wp-content\/uploads\/2024\/08\/image-285-768x512.png 768w\" sizes=\"auto, (max-width: 848px) 100vw, 848px\" \/><\/figure>\n\n\n\n<figure class=\"wp-block-image size-large\"><img loading=\"lazy\" decoding=\"async\" width=\"1024\" height=\"682\" src=\"https:\/\/corrientesdetarde.com\/wp-content\/uploads\/2024\/08\/image-286-1024x682.png\" alt=\"\" class=\"wp-image-158035\" srcset=\"https:\/\/corrientesdetarde.com\/wp-content\/uploads\/2024\/08\/image-286-1024x682.png 1024w, https:\/\/corrientesdetarde.com\/wp-content\/uploads\/2024\/08\/image-286-300x200.png 300w, https:\/\/corrientesdetarde.com\/wp-content\/uploads\/2024\/08\/image-286-768x512.png 768w, https:\/\/corrientesdetarde.com\/wp-content\/uploads\/2024\/08\/image-286.png 1280w\" sizes=\"auto, (max-width: 1024px) 100vw, 1024px\" \/><\/figure>\n","protected":false},"excerpt":{"rendered":"<p>Las actividades, a cargo de la Secretar\u00eda de Cultura y Educaci\u00f3n, iniciar\u00e1n este viernes, a las 20, en Casa Molinas donde se llevar\u00e1 adelante la inauguraci\u00f3n de la exposici\u00f3n &#8220;Un&hellip; <\/p>\n","protected":false},"author":8,"featured_media":158036,"comment_status":"closed","ping_status":"open","sticky":false,"template":"","format":"standard","meta":{"footnotes":""},"categories":[15],"tags":[],"class_list":["post-158032","post","type-post","status-publish","format-standard","has-post-thumbnail","hentry","category-cultura"],"_links":{"self":[{"href":"https:\/\/corrientesdetarde.com\/index.php\/wp-json\/wp\/v2\/posts\/158032","targetHints":{"allow":["GET"]}}],"collection":[{"href":"https:\/\/corrientesdetarde.com\/index.php\/wp-json\/wp\/v2\/posts"}],"about":[{"href":"https:\/\/corrientesdetarde.com\/index.php\/wp-json\/wp\/v2\/types\/post"}],"author":[{"embeddable":true,"href":"https:\/\/corrientesdetarde.com\/index.php\/wp-json\/wp\/v2\/users\/8"}],"replies":[{"embeddable":true,"href":"https:\/\/corrientesdetarde.com\/index.php\/wp-json\/wp\/v2\/comments?post=158032"}],"version-history":[{"count":1,"href":"https:\/\/corrientesdetarde.com\/index.php\/wp-json\/wp\/v2\/posts\/158032\/revisions"}],"predecessor-version":[{"id":158037,"href":"https:\/\/corrientesdetarde.com\/index.php\/wp-json\/wp\/v2\/posts\/158032\/revisions\/158037"}],"wp:featuredmedia":[{"embeddable":true,"href":"https:\/\/corrientesdetarde.com\/index.php\/wp-json\/wp\/v2\/media\/158036"}],"wp:attachment":[{"href":"https:\/\/corrientesdetarde.com\/index.php\/wp-json\/wp\/v2\/media?parent=158032"}],"wp:term":[{"taxonomy":"category","embeddable":true,"href":"https:\/\/corrientesdetarde.com\/index.php\/wp-json\/wp\/v2\/categories?post=158032"},{"taxonomy":"post_tag","embeddable":true,"href":"https:\/\/corrientesdetarde.com\/index.php\/wp-json\/wp\/v2\/tags?post=158032"}],"curies":[{"name":"wp","href":"https:\/\/api.w.org\/{rel}","templated":true}]}}