{"id":158038,"date":"2024-08-08T14:23:13","date_gmt":"2024-08-08T17:23:13","guid":{"rendered":"https:\/\/corrientesdetarde.com\/?p=158038"},"modified":"2024-08-08T14:23:28","modified_gmt":"2024-08-08T17:23:28","slug":"lla-enfrenta-un-congreso-cada-vez-mas-complicado-y-debe-restablecer-vinculos-con-la-oposicion-dialoguista","status":"publish","type":"post","link":"https:\/\/corrientesdetarde.com\/index.php\/politica\/lla-enfrenta-un-congreso-cada-vez-mas-complicado-y-debe-restablecer-vinculos-con-la-oposicion-dialoguista\/","title":{"rendered":"LLA enfrenta un Congreso cada vez m\u00e1s complicado y debe restablecer v\u00ednculos con la oposici\u00f3n dialoguista"},"content":{"rendered":"\n<p><a href=\"https:\/\/tn.com.ar\/autor\/AdrianVentura\/\"><\/a>La UCR y el bloque de Pichetto empiezan a poner reparos frente a las iniciativas de la Libertad Avanza y avanzan con proyectos que comprometen el objetivo de d\u00e9ficit cero.<\/p>\n\n\n\n<p>Javier Milei\u00a0nunca tuvo un escenario f\u00e1cil en el\u00a0Congreso nacional. Con\u00a0escasos senadores\u00a0y un\u00a0bloque minoritario\u00a0de\u00a0diputados, el Presidente\u00a0necesita negociar\u00a0constantemente con la\u00a0oposici\u00f3n. Pero ahora, con siete meses de gesti\u00f3n a cuestas, las\u00a0complicaciones\u00a0empiezan a aumentar.<\/p>\n\n\n\n<p>-ePubs Advertisement-Este jueves se re\u00fane la\u00a0<strong>Comisi\u00f3n Bicameral de Tr\u00e1mite Legislativo<\/strong>. Mientras que el presidente de la misma, el senador\u00a0<strong>Juan Carlos Pagotto<\/strong>, incorpor\u00f3 el tratamiento de casi 40 decretos de necesidad y urgencia (<strong>DNU<\/strong>) dictados por Mauricio Macri y Alberto Fern\u00e1ndez, parte de la oposici\u00f3n, en especial\u00a0<strong>Hacemos Coalici\u00f3n Federal<\/strong>\u00a0(HCF) y el\u00a0<strong>radicalismo<\/strong>, quieren tratar el DNU por el cual\u00a0<strong>Milei ampli\u00f3 el presupuesto de la SIDE<\/strong>\u00a0en 100.000 millones de pesos.<\/p>\n\n\n\n<p>El mi\u00e9rcoles fue tambi\u00e9n el bloque&nbsp;<strong>Hacemos Coalici\u00f3n Federal<\/strong>&nbsp;el que hizo&nbsp;<strong>fracasar la sesi\u00f3n<\/strong>&nbsp;en la C\u00e1mara de Diputados. La bancada liderada por&nbsp;<strong>Miguel \u00c1ngel Pichetto<\/strong>&nbsp;no baj\u00f3 al recinto y le demostr\u00f3 a La Libertad Avanza (LLA) el&nbsp;<strong>costo de no cumplir con los acuerdos pol\u00edticos<\/strong>.<\/p>\n\n\n\n<p>En HCF argumentaron p\u00fablicamente no estar dispuestos a habilitar una\u00a0<strong>sesi\u00f3n de 20 horas<\/strong>\u00a0para discutir cuestiones que solo interesan a los libertarios y al kirchnerismo.<\/p>\n\n\n\n<p>\u201cMientras sea la C\u00e1mara de las chicanas y no se traten los temas que necesita la sociedad, no cuenten con nuestro bloque.\u00a0<strong>No nos prestamos a ese vergonzoso espect\u00e1culo<\/strong>\u201d, plante\u00f3 el diputado\u00a0<strong>Florencio Randazzo<\/strong>\u00a0(HCF). Y ampli\u00f3, en di\u00e1logo : \u201c\u00bfQu\u00e9 temas interesan? Educaci\u00f3n esencial, reforma impositiva con baja de impuestos a la producci\u00f3n, boleta \u00fanica&#8230;\u201d.<\/p>\n\n\n\n<p>Pero, en realidad,&nbsp;<strong>el mensaje de fondo era otro<\/strong>: responsabilizar al presidente de la C\u00e1mara Baja,&nbsp;<strong>Mart\u00edn Menem<\/strong>, de no cumplir con acuerdos pol\u00edticos y haber excluido a HCF de la&nbsp;<strong>Comisi\u00f3n de Inteligencia<\/strong>.<\/p>\n\n\n\n<figure class=\"wp-block-image\"><img decoding=\"async\" src=\"https:\/\/tn.com.ar\/resizer\/v2\/el-presidente-de-la-camara-de-diputados-de-argentina-martin-menem-foto-efe-SGTJ4SEPGVC3PI7MFHPJGO57FE.jfif?auth=3473324bc0e77beddec7262cdc096f9482feda0a8db4ad6becbd07533a1b5ff6&amp;width=767\" alt=\"El presidente de la C\u00e1mara de Diputados de Argentina, Mart\u00edn Menem. (Foto: EFE)\"\/><\/figure>\n\n\n\n<p>El&nbsp;<strong>saldo en el Senado<\/strong>&nbsp;tambi\u00e9n fue negativo para LLA. El oficialismo no pudo impedir que el kirchnerismo y un sector de la UCR votaran un&nbsp;<strong>dictamen favorable al proyecto de movilidad jubilatoria<\/strong>&nbsp;que ya tiene media sanci\u00f3n.&nbsp;<strong>Uni\u00f3n por la Patria<\/strong>&nbsp;(UxP), de&nbsp;<strong>Jos\u00e9 Mayans<\/strong>, sum\u00f3 las firmas de los radicales&nbsp;<strong>Martin Lousteau<\/strong>&nbsp;y&nbsp;<strong>Pablo Blanco<\/strong>&nbsp;y el representante de Santa Cruz,&nbsp;<strong>Jos\u00e9 Carambia<\/strong>.<\/p>\n\n\n\n<p>El dictamen de mayor\u00eda ratifica la sanci\u00f3n de la C\u00e1mara de Diputados, que estableci\u00f3 que la ANSES pagar\u00e1\u00a0<strong>una recomposici\u00f3n salarial del 8,1%<\/strong>\u00a0para las jubilaciones y pensiones, por la diferencia del \u00edndice de inflaci\u00f3n del pasado mes de enero, que fue del 20,6% y el Gobierno reconoci\u00f3 el 12,5.<\/p>\n\n\n\n<p>Tambi\u00e9n impuls\u00f3&nbsp;<strong>una suma del 50% anual en marzo<\/strong>, tomando en cuenta la diferencia entre la variaci\u00f3n salarial y la evoluci\u00f3n de los precios en un mismo per\u00edodo de tiempo, si existiera una recuperaci\u00f3n del salario por encima de la inflaci\u00f3n.<\/p>\n\n\n\n<p>Los bloques solicitar\u00e1n en las pr\u00f3ximas horas a la vicepresidenta,&nbsp;<strong>Victoria Villarruel<\/strong>, la convocatoria a una sesi\u00f3n especial para la pr\u00f3xima semana. Si se convierte en ley,&nbsp;<strong>Milei quedar\u00e1 expuesto&nbsp;<\/strong>y, de querer preservar su objetivo de d\u00e9ficit cero,&nbsp;<strong>deber\u00e1 vetarlo<\/strong>.<\/p>\n","protected":false},"excerpt":{"rendered":"<p>La UCR y el bloque de Pichetto empiezan a poner reparos frente a las iniciativas de la Libertad Avanza y avanzan con proyectos que comprometen el objetivo de d\u00e9ficit cero.&hellip; <\/p>\n","protected":false},"author":8,"featured_media":158039,"comment_status":"closed","ping_status":"open","sticky":false,"template":"","format":"standard","meta":{"footnotes":""},"categories":[3],"tags":[],"class_list":["post-158038","post","type-post","status-publish","format-standard","has-post-thumbnail","hentry","category-politica"],"_links":{"self":[{"href":"https:\/\/corrientesdetarde.com\/index.php\/wp-json\/wp\/v2\/posts\/158038","targetHints":{"allow":["GET"]}}],"collection":[{"href":"https:\/\/corrientesdetarde.com\/index.php\/wp-json\/wp\/v2\/posts"}],"about":[{"href":"https:\/\/corrientesdetarde.com\/index.php\/wp-json\/wp\/v2\/types\/post"}],"author":[{"embeddable":true,"href":"https:\/\/corrientesdetarde.com\/index.php\/wp-json\/wp\/v2\/users\/8"}],"replies":[{"embeddable":true,"href":"https:\/\/corrientesdetarde.com\/index.php\/wp-json\/wp\/v2\/comments?post=158038"}],"version-history":[{"count":1,"href":"https:\/\/corrientesdetarde.com\/index.php\/wp-json\/wp\/v2\/posts\/158038\/revisions"}],"predecessor-version":[{"id":158040,"href":"https:\/\/corrientesdetarde.com\/index.php\/wp-json\/wp\/v2\/posts\/158038\/revisions\/158040"}],"wp:featuredmedia":[{"embeddable":true,"href":"https:\/\/corrientesdetarde.com\/index.php\/wp-json\/wp\/v2\/media\/158039"}],"wp:attachment":[{"href":"https:\/\/corrientesdetarde.com\/index.php\/wp-json\/wp\/v2\/media?parent=158038"}],"wp:term":[{"taxonomy":"category","embeddable":true,"href":"https:\/\/corrientesdetarde.com\/index.php\/wp-json\/wp\/v2\/categories?post=158038"},{"taxonomy":"post_tag","embeddable":true,"href":"https:\/\/corrientesdetarde.com\/index.php\/wp-json\/wp\/v2\/tags?post=158038"}],"curies":[{"name":"wp","href":"https:\/\/api.w.org\/{rel}","templated":true}]}}