{"id":158045,"date":"2024-08-08T14:32:12","date_gmt":"2024-08-08T17:32:12","guid":{"rendered":"https:\/\/corrientesdetarde.com\/?p=158045"},"modified":"2024-08-08T14:32:16","modified_gmt":"2024-08-08T17:32:16","slug":"el-gobierno-envia-mas-custodios-para-proteger-a-fabiola-yanez-por-pedido-del-juez-ercolini","status":"publish","type":"post","link":"https:\/\/corrientesdetarde.com\/index.php\/destacados\/el-gobierno-envia-mas-custodios-para-proteger-a-fabiola-yanez-por-pedido-del-juez-ercolini\/","title":{"rendered":"El Gobierno env\u00eda m\u00e1s custodios para proteger a Fabiola Ya\u00f1ez por pedido del juez Ercolini"},"content":{"rendered":"\n<p>Dos agentes de la Polic\u00eda Federal viajar\u00e1n a Madrid por orden del ministerio de Seguridad. La decisi\u00f3n se produce luego de que la ex primera dama denunciara a Alberto Fern\u00e1ndez por haberla golpeado.<\/p>\n\n\n\n<p>El\u00a0<strong>Gobierno\u00a0<\/strong>reforz\u00f3 la\u00a0<strong>custodia\u00a0<\/strong>de\u00a0Fabiola Ya\u00f1ez quien esta semana denunci\u00f3 por\u00a0<strong>violencia de g\u00e9nero<\/strong>\u00a0a\u00a0Alberto Fern\u00e1ndez. Se trataba de un pedido del juez federal\u00a0<strong>Juli\u00e1n Ercolini<\/strong>, a quien la exprimera dama le hab\u00eda expresado preocupaci\u00f3n porque uno de los agentes que estaban asignados a su protecci\u00f3n en Madrid es una<strong>\u00a0\u201cpersona de confianza\u201d\u00a0<\/strong>del expresidente.<\/p>\n\n\n\n<p><\/p>\n","protected":false},"excerpt":{"rendered":"<p>Dos agentes de la Polic\u00eda Federal viajar\u00e1n a Madrid por orden del ministerio de Seguridad. La decisi\u00f3n se produce luego de que la ex primera dama denunciara a Alberto Fern\u00e1ndez&hellip; <\/p>\n","protected":false},"author":8,"featured_media":158046,"comment_status":"closed","ping_status":"open","sticky":false,"template":"","format":"standard","meta":{"footnotes":""},"categories":[26],"tags":[],"class_list":["post-158045","post","type-post","status-publish","format-standard","has-post-thumbnail","hentry","category-destacados"],"_links":{"self":[{"href":"https:\/\/corrientesdetarde.com\/index.php\/wp-json\/wp\/v2\/posts\/158045","targetHints":{"allow":["GET"]}}],"collection":[{"href":"https:\/\/corrientesdetarde.com\/index.php\/wp-json\/wp\/v2\/posts"}],"about":[{"href":"https:\/\/corrientesdetarde.com\/index.php\/wp-json\/wp\/v2\/types\/post"}],"author":[{"embeddable":true,"href":"https:\/\/corrientesdetarde.com\/index.php\/wp-json\/wp\/v2\/users\/8"}],"replies":[{"embeddable":true,"href":"https:\/\/corrientesdetarde.com\/index.php\/wp-json\/wp\/v2\/comments?post=158045"}],"version-history":[{"count":1,"href":"https:\/\/corrientesdetarde.com\/index.php\/wp-json\/wp\/v2\/posts\/158045\/revisions"}],"predecessor-version":[{"id":158047,"href":"https:\/\/corrientesdetarde.com\/index.php\/wp-json\/wp\/v2\/posts\/158045\/revisions\/158047"}],"wp:featuredmedia":[{"embeddable":true,"href":"https:\/\/corrientesdetarde.com\/index.php\/wp-json\/wp\/v2\/media\/158046"}],"wp:attachment":[{"href":"https:\/\/corrientesdetarde.com\/index.php\/wp-json\/wp\/v2\/media?parent=158045"}],"wp:term":[{"taxonomy":"category","embeddable":true,"href":"https:\/\/corrientesdetarde.com\/index.php\/wp-json\/wp\/v2\/categories?post=158045"},{"taxonomy":"post_tag","embeddable":true,"href":"https:\/\/corrientesdetarde.com\/index.php\/wp-json\/wp\/v2\/tags?post=158045"}],"curies":[{"name":"wp","href":"https:\/\/api.w.org\/{rel}","templated":true}]}}