{"id":158059,"date":"2024-08-08T15:23:42","date_gmt":"2024-08-08T18:23:42","guid":{"rendered":"https:\/\/corrientesdetarde.com\/?p=158059"},"modified":"2024-08-08T15:23:46","modified_gmt":"2024-08-08T18:23:46","slug":"crisis-en-venezuela-cuatro-periodistas-detenidos-durante-las-protestas-fueron-acusados-de-terrorismo","status":"publish","type":"post","link":"https:\/\/corrientesdetarde.com\/index.php\/internacionales\/crisis-en-venezuela-cuatro-periodistas-detenidos-durante-las-protestas-fueron-acusados-de-terrorismo\/","title":{"rendered":"Crisis en Venezuela: cuatro periodistas detenidos durante las protestas fueron acusados de terrorismo"},"content":{"rendered":"\n<p>El gremio denunci\u00f3 que las autoridades impiden el acceso de abogados defensores privados.<\/p>\n\n\n\n<p>Cuatro periodistas detenidos durante las protestas en Venezuela fueron imputados por delitos de\u00a0<strong>terrorismo<\/strong>, inform\u00f3 el Sindicato de Trabajadores de la Prensa (SNTP). El gremio denunci\u00f3 que las autoridades impiden el acceso de abogados defensores privados.<\/p>\n\n\n\n<p>De ser declarados culpables, podr\u00edan ser\u00a0<strong>condenados hasta 30 a\u00f1os de prisi\u00f3n<\/strong>.<\/p>\n\n\n\n<p>\u201cDenunciamos el uso ilegal y arbitrario de las leyes antiterrorismo en Venezuela, especialmente contra los periodistas y reporteros gr\u00e1ficos detenidos durante las protestas postelectorales en el pa\u00eds\u201d, dijo el sindicato de prensa en un comunicado difundido en sus redes sociales.<\/p>\n\n\n\n<p>Los reporteros gr\u00e1ficos&nbsp;<strong>Yousner Alvarado<\/strong>&nbsp;(Barinas, oeste) y&nbsp;<strong>Deisy Pe\u00f1a<\/strong>&nbsp;(Miranda, centro), el camar\u00f3grafo&nbsp;<strong>Pa\u00fal Le\u00f3n<\/strong>&nbsp;(Trujillo, oeste) y el periodista&nbsp;<strong>Jos\u00e9 Gregorio Carnero<\/strong>&nbsp;(Gu\u00e1rico, centro) fueron imputados por delitos de terrorismo y se encuentran detenidos en c\u00e1rceles de sus respectivos estados.<\/p>\n\n\n\n<h2 class=\"wp-block-heading\">Los arrestos ocurrieron durante la cobertura de las protestas<\/h2>\n\n\n\n<p>Todas las detenciones ocurrieron despu\u00e9s de las elecciones del 28 de julio durante las manifestaciones contra la reelecci\u00f3n del presidente Nicol\u00e1s Maduro, indic\u00f3 el gremio. Las protestas se desataron despu\u00e9s que el Consejo Nacional Electoral (CNE) proclamara el triunfo del chavismo en los comicios en medio de denuncias de fraude.<\/p>\n\n\n\n<p>La prensa local asegura que los periodistas se encontraban en labores en el momento del arresto.<\/p>\n\n\n\n<figure class=\"wp-block-image\"><img decoding=\"async\" src=\"https:\/\/tn.com.ar\/resizer\/v2\/un-miembro-de-la-guardia-nacional-detiene-a-un-manifestante-foto-reutersleonardo-fernandez-viloria-I7LBTDN5I6KSQ7FNZGLPC4M2JA.jpg?auth=a81ed829fdcb713fe70d368aa90e19b820463ee7d382f9b9c824d849419652de&amp;width=767\" alt=\"Un miembro de la Guardia Nacional detiene a un manifestante (Foto; Reuters\/Leonardo Fern\u00e1ndez Viloria)\"\/><\/figure>\n\n\n\n<p>\u201cEn todos los casos se ha impedido la juramentaci\u00f3n de defensa privada\u201d, a\u00f1adi\u00f3 el sindicato.<\/p>\n\n\n\n<h2 class=\"wp-block-heading\">Ya hay m\u00e1s de 2200 detenidos en Venezuela<\/h2>\n\n\n\n<p>Horas despu\u00e9s de que el 28 de julio Maduro fuera proclamado presidente reelecto con el 52% de los votos estallaron manifestaciones en toda Venezuela para rechazar el resultado.<\/p>\n\n\n\n<p>Las protestas defend\u00edan el voto a favor del candidato opositor&nbsp;<strong>Edmundo Gonz\u00e1lez Urrutia<\/strong>, representante de la inhabilitada&nbsp;<strong>Mar\u00eda Corina Machado<\/strong>&nbsp;y principal rival de Maduro en los comicios, que denunci\u00f3 un fraude.<\/p>\n\n\n\n<p>Las protestas derivaron en disturbios con\u00a0<strong>al menos 24 muertos<\/strong>, seg\u00fan organizaciones de derechos humanos, y m\u00e1s de 2.200 detenidos, seg\u00fan Maduro.<\/p>\n\n\n\n<p>Entre los detenidos, tambi\u00e9n se cuentan dirigentes opositores, uno de ellos el periodista&nbsp;<strong>Roland Carre\u00f1o<\/strong>, activista del partido Voluntad Popular (VP).<\/p>\n\n\n\n<p>La fiscal\u00eda adem\u00e1s se\u00f1al\u00f3 que entre los cargos que enfrentan los detenidos est\u00e1n \u201cincitaci\u00f3n al odio\u201d y \u201cterrorismo\u201d, delito que conlleva&nbsp;<strong>30 a\u00f1os de c\u00e1rcel<\/strong>, pena m\u00e1xima en Venezuela.<\/p>\n\n\n\n<p>Las autoridades adem\u00e1s investigan penalmente a Machado y Gonz\u00e1lez Urrutia por \u201cincitaci\u00f3n a la insurrecci\u00f3n\u201d despu\u00e9s de que pidieran apoyo a la Fuerza Armada.<\/p>\n","protected":false},"excerpt":{"rendered":"<p>El gremio denunci\u00f3 que las autoridades impiden el acceso de abogados defensores privados. Cuatro periodistas detenidos durante las protestas en Venezuela fueron imputados por delitos de\u00a0terrorismo, inform\u00f3 el Sindicato de&hellip; <\/p>\n","protected":false},"author":8,"featured_media":158060,"comment_status":"closed","ping_status":"open","sticky":false,"template":"","format":"standard","meta":{"footnotes":""},"categories":[11],"tags":[],"class_list":["post-158059","post","type-post","status-publish","format-standard","has-post-thumbnail","hentry","category-internacionales"],"_links":{"self":[{"href":"https:\/\/corrientesdetarde.com\/index.php\/wp-json\/wp\/v2\/posts\/158059","targetHints":{"allow":["GET"]}}],"collection":[{"href":"https:\/\/corrientesdetarde.com\/index.php\/wp-json\/wp\/v2\/posts"}],"about":[{"href":"https:\/\/corrientesdetarde.com\/index.php\/wp-json\/wp\/v2\/types\/post"}],"author":[{"embeddable":true,"href":"https:\/\/corrientesdetarde.com\/index.php\/wp-json\/wp\/v2\/users\/8"}],"replies":[{"embeddable":true,"href":"https:\/\/corrientesdetarde.com\/index.php\/wp-json\/wp\/v2\/comments?post=158059"}],"version-history":[{"count":1,"href":"https:\/\/corrientesdetarde.com\/index.php\/wp-json\/wp\/v2\/posts\/158059\/revisions"}],"predecessor-version":[{"id":158061,"href":"https:\/\/corrientesdetarde.com\/index.php\/wp-json\/wp\/v2\/posts\/158059\/revisions\/158061"}],"wp:featuredmedia":[{"embeddable":true,"href":"https:\/\/corrientesdetarde.com\/index.php\/wp-json\/wp\/v2\/media\/158060"}],"wp:attachment":[{"href":"https:\/\/corrientesdetarde.com\/index.php\/wp-json\/wp\/v2\/media?parent=158059"}],"wp:term":[{"taxonomy":"category","embeddable":true,"href":"https:\/\/corrientesdetarde.com\/index.php\/wp-json\/wp\/v2\/categories?post=158059"},{"taxonomy":"post_tag","embeddable":true,"href":"https:\/\/corrientesdetarde.com\/index.php\/wp-json\/wp\/v2\/tags?post=158059"}],"curies":[{"name":"wp","href":"https:\/\/api.w.org\/{rel}","templated":true}]}}