{"id":158062,"date":"2024-08-08T15:25:58","date_gmt":"2024-08-08T18:25:58","guid":{"rendered":"https:\/\/corrientesdetarde.com\/?p=158062"},"modified":"2024-08-08T15:26:02","modified_gmt":"2024-08-08T18:26:02","slug":"denunciaron-al-abogado-de-fabiola-yanez-por-violacion-del-secreto-profesional","status":"publish","type":"post","link":"https:\/\/corrientesdetarde.com\/index.php\/actualidad\/denunciaron-al-abogado-de-fabiola-yanez-por-violacion-del-secreto-profesional\/","title":{"rendered":"Denunciaron al abogado de Fabiola Ya\u00f1ez por violaci\u00f3n del secreto profesional"},"content":{"rendered":"\n<p>Lo acusan a Juan Pablo Fioribello de asesorar simult\u00e1neamente a personas con intereses opuestos y ventilar detalles de un expediente confidencial.<\/p>\n\n\n\n<p>En medio de la causa por\u00a0violencia de g\u00e9nero\u00a0que involucra a la ex primera dama,\u00a0Fabiola Ya\u00f1ez, y al expresidente\u00a0Alberto Fern\u00e1ndez, el abogado\u00a0Juan Pablo Fioribello fue denunciado ante el Tribunal de Disciplina del Colegio P\u00fablico de Abogados\u00a0de la Capital Federal.<\/p>\n\n\n\n<p>La denuncia fue presentada por el letrado Jerem\u00edas Rodr\u00edguez, que acus\u00f3 a Fioribello de violar el secreto profesional, asesorar simult\u00e1neamente a personas con intereses opuestos y ventilar detalles de un expediente confidencial.<\/p>\n\n\n\n<p>La causa surge el 6 de agosto, cuando&nbsp;<strong>Fabiola Ya\u00f1ez radic\u00f3 una denuncia penal por violencia de g\u00e9nero contra su pareja, Alberto Fern\u00e1ndez<\/strong>. Fue presentada ante el Juzgado en lo Criminal y Correccional Federal N\u00b0 10, a cargo del juez Juli\u00e1n Ercolini, por derecho propio, es decir, sin la intervenci\u00f3n de un abogado.<\/p>\n\n\n\n<p>Sin embargo, pocas horas despu\u00e9s,&nbsp;<strong>Juan Pablo Fioribello, quien hab\u00eda representado tanto a Ya\u00f1ez como a Fern\u00e1ndez en otros asuntos legales, comenz\u00f3 a aparecer en diversos medios de comunicaci\u00f3n<\/strong>, divulgando detalles sensibles de la denuncia. El letrado declar\u00f3 que hab\u00eda hablado tanto con la denunciante como con el denunciado, revelando informaci\u00f3n que deber\u00eda haberse mantenido bajo estricta confidencialidad.<\/p>\n\n\n\n<h2 class=\"wp-block-heading\">Las acusaciones contra Fioribello<\/h2>\n\n\n\n<p>En la denuncia presentada por Rodr\u00edguez, se se\u00f1ala que<strong>\u00a0Fioribello no solo viol\u00f3 el secreto profesional al divulgar conversaciones privadas con sus clientes, sino que tambi\u00e9n asesor\u00f3 a ambas partes en el conflicto<\/strong>, una acci\u00f3n prohibida por el Art\u00edculo 10 de la Ley 23.187, que regula el ejercicio de la abogac\u00eda en la Ciudad Aut\u00f3noma de Buenos Aires. Esta ley establece que un abogado no puede representar, patrocinar o asesorar simult\u00e1neamente a personas con intereses opuestos en una misma causa.<\/p>\n\n\n\n<p>Rodr\u00edguez subraya que Fioribello, sin mandato legal alguno, se embarc\u00f3 en una \u201cprocesi\u00f3n medi\u00e1tica\u201d, ventilando hechos de un expediente de car\u00e1cter reservado y divulgando detalles sobre pruebas y medidas que a\u00fan no hab\u00edan sido presentadas formalmente ante la Justicia.<\/p>\n\n\n\n<p>El accionar de Fioribello, seg\u00fan la denuncia, no solo compromete su propia integridad profesional, sino que tambi\u00e9n afecta la confianza que los ciudadanos depositan en los abogados matriculados en el Colegio P\u00fablico de Abogados de la Capital Federal.&nbsp;<strong>\u201cEste deber es a su vez un derecho del cliente que garantiza la confidencialidad de que no se revele informaci\u00f3n obtenida durante la relaci\u00f3n profesional con ellos\u201d<\/strong>, afirm\u00f3 Rodr\u00edguez en su presentaci\u00f3n.<\/p>\n\n\n\n<figure class=\"wp-block-image\"><img decoding=\"async\" src=\"https:\/\/tn.com.ar\/resizer\/v2\/alberto-fernandez-fabiola-yanez-y-francisco-NLHGN4K7KFC7FKJXW3NNYS57TU.jfif?auth=5d678ac6b841a5db4870fc2570f2f35045aa06d0e6ab40087eda5f73db0415ae&amp;width=767\" alt=\"Alberto Fern\u00e1ndez, Fabiola Y\u00e1nez y Francisco.\"\/><figcaption class=\"wp-element-caption\">Alberto Fern\u00e1ndez, Fabiola Y\u00e1nez y Francisco.<\/figcaption><\/figure>\n\n\n\n<p>La divulgaci\u00f3n de informaci\u00f3n confidencial y la asesor\u00eda simult\u00e1nea a ambas partes en un conflicto tan delicado como el de una denuncia por violencia de g\u00e9nero no solo plantea un conflicto de intereses, sino que podr\u00eda minar la credibilidad de la profesi\u00f3n ante la opini\u00f3n p\u00fablica.<\/p>\n\n\n\n<p>Para sustentar su denuncia, Rodr\u00edguez acompa\u00f1\u00f3 una serie de pruebas, incluyendo notas period\u00edsticas y un video del programa\u00a0<em>\u201cA Dos Voces\u201d<\/em>\u00a0, donde Fioribello dio detalles de la denuncia y de las pruebas que presuntamente ten\u00eda en su poder la denunciante. En dicho programa, el abogado anunci\u00f3 que \u201cten\u00eda una bomba\u201d y sugiri\u00f3 la existencia de fotos comprometedoras que, seg\u00fan \u00e9l, saldr\u00edan a la luz.<\/p>\n\n\n\n<p>Rodr\u00edguez solicit\u00f3 al Tribunal de Disciplina que se instruya un proceso disciplinario contra Fioribello, para que se eval\u00fae su conducta y se determinen las sanciones correspondientes.<\/p>\n","protected":false},"excerpt":{"rendered":"<p>Lo acusan a Juan Pablo Fioribello de asesorar simult\u00e1neamente a personas con intereses opuestos y ventilar detalles de un expediente confidencial. En medio de la causa por\u00a0violencia de g\u00e9nero\u00a0que involucra&hellip; <\/p>\n","protected":false},"author":8,"featured_media":158063,"comment_status":"closed","ping_status":"open","sticky":false,"template":"","format":"standard","meta":{"footnotes":""},"categories":[23],"tags":[],"class_list":["post-158062","post","type-post","status-publish","format-standard","has-post-thumbnail","hentry","category-actualidad"],"_links":{"self":[{"href":"https:\/\/corrientesdetarde.com\/index.php\/wp-json\/wp\/v2\/posts\/158062","targetHints":{"allow":["GET"]}}],"collection":[{"href":"https:\/\/corrientesdetarde.com\/index.php\/wp-json\/wp\/v2\/posts"}],"about":[{"href":"https:\/\/corrientesdetarde.com\/index.php\/wp-json\/wp\/v2\/types\/post"}],"author":[{"embeddable":true,"href":"https:\/\/corrientesdetarde.com\/index.php\/wp-json\/wp\/v2\/users\/8"}],"replies":[{"embeddable":true,"href":"https:\/\/corrientesdetarde.com\/index.php\/wp-json\/wp\/v2\/comments?post=158062"}],"version-history":[{"count":1,"href":"https:\/\/corrientesdetarde.com\/index.php\/wp-json\/wp\/v2\/posts\/158062\/revisions"}],"predecessor-version":[{"id":158064,"href":"https:\/\/corrientesdetarde.com\/index.php\/wp-json\/wp\/v2\/posts\/158062\/revisions\/158064"}],"wp:featuredmedia":[{"embeddable":true,"href":"https:\/\/corrientesdetarde.com\/index.php\/wp-json\/wp\/v2\/media\/158063"}],"wp:attachment":[{"href":"https:\/\/corrientesdetarde.com\/index.php\/wp-json\/wp\/v2\/media?parent=158062"}],"wp:term":[{"taxonomy":"category","embeddable":true,"href":"https:\/\/corrientesdetarde.com\/index.php\/wp-json\/wp\/v2\/categories?post=158062"},{"taxonomy":"post_tag","embeddable":true,"href":"https:\/\/corrientesdetarde.com\/index.php\/wp-json\/wp\/v2\/tags?post=158062"}],"curies":[{"name":"wp","href":"https:\/\/api.w.org\/{rel}","templated":true}]}}