{"id":158068,"date":"2024-08-08T15:31:27","date_gmt":"2024-08-08T18:31:27","guid":{"rendered":"https:\/\/corrientesdetarde.com\/?p=158068"},"modified":"2024-08-08T15:31:30","modified_gmt":"2024-08-08T18:31:30","slug":"comunicado-de-la-facultad-de-derecho-sobre-las-clases-de-alberto-fernandez","status":"publish","type":"post","link":"https:\/\/corrientesdetarde.com\/index.php\/actualidad\/comunicado-de-la-facultad-de-derecho-sobre-las-clases-de-alberto-fernandez\/","title":{"rendered":"Comunicado de la Facultad de Derecho sobre las clases de Alberto Fern\u00e1ndez"},"content":{"rendered":"\n<p>Desde la Universidad de Buenos Aires (UBA) informaron cu\u00e1l ser\u00e1 el futuro del expresidente Alberto Fern\u00e1ndez y explicaron los motivos de la novedad.<\/p>\n\n\n\n<ul class=\"wp-block-list\"><\/ul>\n\n\n\n<p>Antes, durante y despu\u00e9s de ser presidente de la Naci\u00f3n&nbsp;<strong>Alberto Fern\u00e1ndez se desempe\u00f1\u00f3 como docente de la Facultad de Derecho de la Universidad de Buenos Aires (UBA), pero este cuatrimestre no dictar\u00e1 clases&nbsp;<\/strong>porque la c\u00e1tedra en la que participa no alcanz\u00f3 &#8220;el m\u00ednimo requerido de alumnos inscriptos&#8221;. Eso le dejar\u00eda&nbsp;<strong>m\u00e1s tiempo para preparar su defensa ante la denuncia por violencia de g\u00e9nero entablada por su expareja, Fabiola Y\u00e1\u00f1ez<\/strong>.<\/p>\n\n\n\n<p>&#8220;<strong>Durante el pr\u00f3ximo cuatrimestre Alberto Fern\u00e1ndez no tendr\u00e1 designaci\u00f3n vigente en la Facultad ya que su curso no alcanz\u00f3 el m\u00ednimo requerido de alumnos inscriptos<\/strong>&#8220;, informaron de manera oficial desde la Facultad de Derecho de la UBA, donde el Expresidente da clases desde 1987.<\/p>\n\n\n\n<p>Alberto Fern\u00e1ndez ostenta en la actualidad&nbsp;<strong>el t\u00edtulo de profesor adjunto interino en la materia Teor\u00eda General del Delito<\/strong>. Su curso pertenece al Departamento de Derecho Penal y durante su mandato como Presidente se lo vio dictar clases, aunque no lo hizo durante el tiempo en que estuvieron restringidas las clases presenciales por la pandemia de coronavirus.<\/p>\n\n\n\n<h2 class=\"wp-block-heading\">Sin pedido formal para que Alberto Fern\u00e1ndez sea desplazado de la Facultad de Derecho<\/h2>\n\n\n\n<p>En<strong>&nbsp;mayo de 2022 Alberto Fern\u00e1ndez retom\u00f3 su labor como docente de la UBA<\/strong>, cosa que podr\u00eda cambiar en breve si se produce el pedido formal para que se lo suspenda de su cargo preventivamente mientras se investiga la denuncia por violencia de g\u00e9nero que le entabl\u00f3 Fabiola Y\u00e1\u00f1ez.<\/p>\n\n\n\n<p>Por ahora&nbsp;<strong>el Decanato del que depende la decisi\u00f3n no recibi\u00f3 el pedido formal&nbsp;<\/strong>para separar a Alberto Fern\u00e1ndez del resto del cuerpo docente.<\/p>\n\n\n\n<p>Mientras tanto, la justicia emiti\u00f3 una orden de restricci\u00f3n para que el Expresidente no pueda acercarse a su otrora pareja, con quien comparte a su hijo de dos a\u00f1os, Francisco.<\/p>\n\n\n\n<p>Adem\u00e1s, el exmandatario tiene prohibido salir del pa\u00eds mientras se lo investiga en la causa por violencia de g\u00e9nero, m\u00e1s no as\u00ed en la otra investigaci\u00f3n judicial que tramita el juzgado de Juli\u00e1n Ercolini.<\/p>\n","protected":false},"excerpt":{"rendered":"<p>Desde la Universidad de Buenos Aires (UBA) informaron cu\u00e1l ser\u00e1 el futuro del expresidente Alberto Fern\u00e1ndez y explicaron los motivos de la novedad. Antes, durante y despu\u00e9s de ser presidente&hellip; <\/p>\n","protected":false},"author":8,"featured_media":158069,"comment_status":"closed","ping_status":"open","sticky":false,"template":"","format":"standard","meta":{"footnotes":""},"categories":[23],"tags":[],"class_list":["post-158068","post","type-post","status-publish","format-standard","has-post-thumbnail","hentry","category-actualidad"],"_links":{"self":[{"href":"https:\/\/corrientesdetarde.com\/index.php\/wp-json\/wp\/v2\/posts\/158068","targetHints":{"allow":["GET"]}}],"collection":[{"href":"https:\/\/corrientesdetarde.com\/index.php\/wp-json\/wp\/v2\/posts"}],"about":[{"href":"https:\/\/corrientesdetarde.com\/index.php\/wp-json\/wp\/v2\/types\/post"}],"author":[{"embeddable":true,"href":"https:\/\/corrientesdetarde.com\/index.php\/wp-json\/wp\/v2\/users\/8"}],"replies":[{"embeddable":true,"href":"https:\/\/corrientesdetarde.com\/index.php\/wp-json\/wp\/v2\/comments?post=158068"}],"version-history":[{"count":1,"href":"https:\/\/corrientesdetarde.com\/index.php\/wp-json\/wp\/v2\/posts\/158068\/revisions"}],"predecessor-version":[{"id":158070,"href":"https:\/\/corrientesdetarde.com\/index.php\/wp-json\/wp\/v2\/posts\/158068\/revisions\/158070"}],"wp:featuredmedia":[{"embeddable":true,"href":"https:\/\/corrientesdetarde.com\/index.php\/wp-json\/wp\/v2\/media\/158069"}],"wp:attachment":[{"href":"https:\/\/corrientesdetarde.com\/index.php\/wp-json\/wp\/v2\/media?parent=158068"}],"wp:term":[{"taxonomy":"category","embeddable":true,"href":"https:\/\/corrientesdetarde.com\/index.php\/wp-json\/wp\/v2\/categories?post=158068"},{"taxonomy":"post_tag","embeddable":true,"href":"https:\/\/corrientesdetarde.com\/index.php\/wp-json\/wp\/v2\/tags?post=158068"}],"curies":[{"name":"wp","href":"https:\/\/api.w.org\/{rel}","templated":true}]}}