{"id":158280,"date":"2024-08-10T08:00:04","date_gmt":"2024-08-10T11:00:04","guid":{"rendered":"https:\/\/corrientesdetarde.com\/?p=158280"},"modified":"2024-08-10T08:00:09","modified_gmt":"2024-08-10T11:00:09","slug":"ley-micaela-segunda-capacitacion-al-servicio-penitenciario-de-corrientes","status":"publish","type":"post","link":"https:\/\/corrientesdetarde.com\/index.php\/informacion-general\/ley-micaela-segunda-capacitacion-al-servicio-penitenciario-de-corrientes\/","title":{"rendered":"Ley Micaela: Segunda capacitaci\u00f3n al Servicio Penitenciario de Corrientes"},"content":{"rendered":"\n<p>Dictado por representantes pertenecientes al Consejo Provincial de la Mujer (CPM), dependiente del Ministerio de Desarrollo Social, se llev\u00f3 adelante este jueves\u00a0en el Sal\u00f3n Gris de la Jefatura del Servicio Penitenciario Provincial (SPP), una charla de capacitaci\u00f3n de &#8220;Violencia de G\u00e9nero y Ley Micaela&#8221;, destinado a oficiales penitenciarios.<\/p>\n\n\n\n<p>El Acto de Apertura estuvo presidido por el director del Instituto de Formaci\u00f3n y Capacitaci\u00f3n Penitenciaria, Alcaide Mayor Gustavo Lopez;&nbsp;acompa\u00f1ado por las disertantes: la presidenta&nbsp;del CPM, Cecilia Berger;&nbsp;la Lic. en Psicolog\u00eda, Ver\u00f3nica Baez; Lic. en Trabajo Social, Alejandra Benitez; y la Abogada Gladys Quintana.&nbsp;Cabe recordar que la Ley 27.499, conocida como &#8220;Ley Micaela&#8221;,&nbsp;promulgada el 10 de enero de 2019 a ra\u00edz del femicidio de Micaela Garc\u00eda en 2017, donde se establece la capacitaci\u00f3n obligatoria en g\u00e9nero y violencia de g\u00e9nero para todas las personas que se desempe\u00f1an en la funci\u00f3n p\u00fablica en todos sus niveles y jerarqu\u00edas, en los Poderes Ejecutivo, Legislativo y Judicial de la Naci\u00f3n.<\/p>\n","protected":false},"excerpt":{"rendered":"<p>Dictado por representantes pertenecientes al Consejo Provincial de la Mujer (CPM), dependiente del Ministerio de Desarrollo Social, se llev\u00f3 adelante este jueves\u00a0en el Sal\u00f3n Gris de la Jefatura del Servicio&hellip; <\/p>\n","protected":false},"author":3,"featured_media":158286,"comment_status":"closed","ping_status":"open","sticky":false,"template":"","format":"standard","meta":{"footnotes":""},"categories":[1],"tags":[],"class_list":["post-158280","post","type-post","status-publish","format-standard","has-post-thumbnail","hentry","category-informacion-general"],"_links":{"self":[{"href":"https:\/\/corrientesdetarde.com\/index.php\/wp-json\/wp\/v2\/posts\/158280","targetHints":{"allow":["GET"]}}],"collection":[{"href":"https:\/\/corrientesdetarde.com\/index.php\/wp-json\/wp\/v2\/posts"}],"about":[{"href":"https:\/\/corrientesdetarde.com\/index.php\/wp-json\/wp\/v2\/types\/post"}],"author":[{"embeddable":true,"href":"https:\/\/corrientesdetarde.com\/index.php\/wp-json\/wp\/v2\/users\/3"}],"replies":[{"embeddable":true,"href":"https:\/\/corrientesdetarde.com\/index.php\/wp-json\/wp\/v2\/comments?post=158280"}],"version-history":[{"count":1,"href":"https:\/\/corrientesdetarde.com\/index.php\/wp-json\/wp\/v2\/posts\/158280\/revisions"}],"predecessor-version":[{"id":158292,"href":"https:\/\/corrientesdetarde.com\/index.php\/wp-json\/wp\/v2\/posts\/158280\/revisions\/158292"}],"wp:featuredmedia":[{"embeddable":true,"href":"https:\/\/corrientesdetarde.com\/index.php\/wp-json\/wp\/v2\/media\/158286"}],"wp:attachment":[{"href":"https:\/\/corrientesdetarde.com\/index.php\/wp-json\/wp\/v2\/media?parent=158280"}],"wp:term":[{"taxonomy":"category","embeddable":true,"href":"https:\/\/corrientesdetarde.com\/index.php\/wp-json\/wp\/v2\/categories?post=158280"},{"taxonomy":"post_tag","embeddable":true,"href":"https:\/\/corrientesdetarde.com\/index.php\/wp-json\/wp\/v2\/tags?post=158280"}],"curies":[{"name":"wp","href":"https:\/\/api.w.org\/{rel}","templated":true}]}}