{"id":158281,"date":"2024-08-10T08:00:07","date_gmt":"2024-08-10T11:00:07","guid":{"rendered":"https:\/\/corrientesdetarde.com\/?p=158281"},"modified":"2024-08-10T08:16:17","modified_gmt":"2024-08-10T11:16:17","slug":"los-cdi-provinciales-recibiran-la-primavera-con-una-kermes","status":"publish","type":"post","link":"https:\/\/corrientesdetarde.com\/index.php\/informacion-general\/los-cdi-provinciales-recibiran-la-primavera-con-una-kermes\/","title":{"rendered":"Los CDI provinciales recibir\u00e1n la primavera con una kermes"},"content":{"rendered":"\n<p>Los Centros de Desarrollo Infantil (CDI) de la Provincia se preparan para recibir la primavera y por tal motivo, este viernes representantes de la Direcci\u00f3n de los Derechos de la Ni\u00f1ez y la Familia del Ministerio de Desarrollo Social, se reunieron con las directoras de los 17 CDI de la ciudad de Corrientes, para presentar &#8220;Kermes, por siempre ni\u00f1os\u201d. El encuentro, que tuvo lugar en el CDI &#8220;San Jorge&#8221;, estuvo encabezado por el titular del mencionado organismo, Manuel Santamar\u00eda; y el coordinador de la instituci\u00f3n anfitriona, Hern\u00e1n M\u00e9ndez, a fin de presentar el programa de actividades para el evento de este a\u00f1o de la Fiesta de la Primavera.<\/p>\n\n\n\n<p>El mismo estar\u00e1 organizado por los CDI &#8220;Mi Peque\u00f1o Hogar&#8221;, &#8220;San Jorge&#8221; y &#8220;San Juancito&#8221;, y se llevar\u00e1 a cabo el 19 de septiembre a las 16 horas en el Play\u00f3n del Parque &#8220;El Eucaliptal&#8221; del barrio San Ger\u00f3nimo. Consistir\u00e1 en una Kerm\u00e9s con stands, que contendr\u00e1 juegos para grandes y ni\u00f1os, con entrega de premios al mejor stand y show musical en vivo.<\/p>\n","protected":false},"excerpt":{"rendered":"<p>Los Centros de Desarrollo Infantil (CDI) de la Provincia se preparan para recibir la primavera y por tal motivo, este viernes representantes de la Direcci\u00f3n de los Derechos de la&hellip; <\/p>\n","protected":false},"author":3,"featured_media":158287,"comment_status":"closed","ping_status":"open","sticky":false,"template":"","format":"standard","meta":{"footnotes":""},"categories":[1],"tags":[],"class_list":["post-158281","post","type-post","status-publish","format-standard","has-post-thumbnail","hentry","category-informacion-general"],"_links":{"self":[{"href":"https:\/\/corrientesdetarde.com\/index.php\/wp-json\/wp\/v2\/posts\/158281","targetHints":{"allow":["GET"]}}],"collection":[{"href":"https:\/\/corrientesdetarde.com\/index.php\/wp-json\/wp\/v2\/posts"}],"about":[{"href":"https:\/\/corrientesdetarde.com\/index.php\/wp-json\/wp\/v2\/types\/post"}],"author":[{"embeddable":true,"href":"https:\/\/corrientesdetarde.com\/index.php\/wp-json\/wp\/v2\/users\/3"}],"replies":[{"embeddable":true,"href":"https:\/\/corrientesdetarde.com\/index.php\/wp-json\/wp\/v2\/comments?post=158281"}],"version-history":[{"count":2,"href":"https:\/\/corrientesdetarde.com\/index.php\/wp-json\/wp\/v2\/posts\/158281\/revisions"}],"predecessor-version":[{"id":158298,"href":"https:\/\/corrientesdetarde.com\/index.php\/wp-json\/wp\/v2\/posts\/158281\/revisions\/158298"}],"wp:featuredmedia":[{"embeddable":true,"href":"https:\/\/corrientesdetarde.com\/index.php\/wp-json\/wp\/v2\/media\/158287"}],"wp:attachment":[{"href":"https:\/\/corrientesdetarde.com\/index.php\/wp-json\/wp\/v2\/media?parent=158281"}],"wp:term":[{"taxonomy":"category","embeddable":true,"href":"https:\/\/corrientesdetarde.com\/index.php\/wp-json\/wp\/v2\/categories?post=158281"},{"taxonomy":"post_tag","embeddable":true,"href":"https:\/\/corrientesdetarde.com\/index.php\/wp-json\/wp\/v2\/tags?post=158281"}],"curies":[{"name":"wp","href":"https:\/\/api.w.org\/{rel}","templated":true}]}}