{"id":158285,"date":"2024-08-10T08:00:16","date_gmt":"2024-08-10T11:00:16","guid":{"rendered":"https:\/\/corrientesdetarde.com\/?p=158285"},"modified":"2024-08-10T08:00:18","modified_gmt":"2024-08-10T11:00:18","slug":"la-dpec-realizara-trabajos-de-mejoras-en-capital-y-el-interior-101","status":"publish","type":"post","link":"https:\/\/corrientesdetarde.com\/index.php\/informacion-general\/la-dpec-realizara-trabajos-de-mejoras-en-capital-y-el-interior-101\/","title":{"rendered":"La DPEC realizar\u00e1 trabajos de mejoras en Capital y el interior"},"content":{"rendered":"\n<p>La Direcci\u00f3n Provincial de Energ\u00eda de Corrientes (DPEC) informa que con motivo de realizar mejoras en el servicio, se ejecutar\u00e1n tareas de mantenimiento de L\u00edneas de Media Tensi\u00f3n (LMT), por lo cual se interrumpir\u00e1 el suministro de energ\u00eda el\u00e9ctrica en la ciudad&nbsp;<strong>CAPITAL<\/strong>, el s\u00e1bado&nbsp;10\/08\/24, en el horario de&nbsp;08:00 a 13:00 Hs, en zonas de los barrios&nbsp;Laguna Brava, El Tacuaral y zonas de influencia tambi\u00e9n el domingo&nbsp;11\/08\/24, en el horario de&nbsp;08:00 a 11:00 Hs, en zonas de los barrios&nbsp;Ciudades Correntinas, 17 de Agosto (Sectores 2, 5 y 6), y zonas de influencia.<\/p>\n\n\n\n<p>Adem\u00e1s, informa que con motivo de realizar mejoras en el servicio, se ejecutar\u00e1n tareas de mantenimiento de L\u00edneas de Media Tensi\u00f3n (LMT), por lo cual se interrumpir\u00e1 el suministro de energ\u00eda el\u00e9ctrica en la localidad de&nbsp;<strong>CURUZ\u00da CUATI\u00c1<\/strong>, el lunes&nbsp;12\/08\/24, en el horario de&nbsp;08:00 a 11:00 Hs, en zonas de los barrios&nbsp;Mar\u00eda Auxiliadora, Planta Cofco, Planta Amarilla Gas, Paraje Aeroclub y Ruta N\u00b0 25.<\/p>\n\n\n\n<p>Por otro lado, informa que con motivo de realizar mejoras en el servicio, se ejecutar\u00e1n tareas de mantenimiento de L\u00edneas de Media Tensi\u00f3n (LMT), por lo cual se interrumpir\u00e1 el suministro de energ\u00eda el\u00e9ctrica en las localidades de&nbsp;<strong>GARRUCHOS y GARAB\u00cd<\/strong>, el lunes&nbsp;12\/08\/24, en el horario&nbsp;07:00 a 07:15 Hs.<\/p>\n\n\n\n<p>Por \u00faltimo, informa que con motivo de realizar mejoras en el servicio, se ejecutar\u00e1n tareas de mantenimiento de L\u00edneas de Media Tensi\u00f3n (LMT), por lo cual se interrumpir\u00e1 el suministro de energ\u00eda el\u00e9ctrica en la localidad de&nbsp;<strong>BELLA VISTA<\/strong>, el martes&nbsp;13\/08\/24.<\/p>\n","protected":false},"excerpt":{"rendered":"<p>La Direcci\u00f3n Provincial de Energ\u00eda de Corrientes (DPEC) informa que con motivo de realizar mejoras en el servicio, se ejecutar\u00e1n tareas de mantenimiento de L\u00edneas de Media Tensi\u00f3n (LMT), por&hellip; <\/p>\n","protected":false},"author":3,"featured_media":157344,"comment_status":"closed","ping_status":"open","sticky":false,"template":"","format":"standard","meta":{"footnotes":""},"categories":[1],"tags":[],"class_list":["post-158285","post","type-post","status-publish","format-standard","has-post-thumbnail","hentry","category-informacion-general"],"_links":{"self":[{"href":"https:\/\/corrientesdetarde.com\/index.php\/wp-json\/wp\/v2\/posts\/158285","targetHints":{"allow":["GET"]}}],"collection":[{"href":"https:\/\/corrientesdetarde.com\/index.php\/wp-json\/wp\/v2\/posts"}],"about":[{"href":"https:\/\/corrientesdetarde.com\/index.php\/wp-json\/wp\/v2\/types\/post"}],"author":[{"embeddable":true,"href":"https:\/\/corrientesdetarde.com\/index.php\/wp-json\/wp\/v2\/users\/3"}],"replies":[{"embeddable":true,"href":"https:\/\/corrientesdetarde.com\/index.php\/wp-json\/wp\/v2\/comments?post=158285"}],"version-history":[{"count":1,"href":"https:\/\/corrientesdetarde.com\/index.php\/wp-json\/wp\/v2\/posts\/158285\/revisions"}],"predecessor-version":[{"id":158296,"href":"https:\/\/corrientesdetarde.com\/index.php\/wp-json\/wp\/v2\/posts\/158285\/revisions\/158296"}],"wp:featuredmedia":[{"embeddable":true,"href":"https:\/\/corrientesdetarde.com\/index.php\/wp-json\/wp\/v2\/media\/157344"}],"wp:attachment":[{"href":"https:\/\/corrientesdetarde.com\/index.php\/wp-json\/wp\/v2\/media?parent=158285"}],"wp:term":[{"taxonomy":"category","embeddable":true,"href":"https:\/\/corrientesdetarde.com\/index.php\/wp-json\/wp\/v2\/categories?post=158285"},{"taxonomy":"post_tag","embeddable":true,"href":"https:\/\/corrientesdetarde.com\/index.php\/wp-json\/wp\/v2\/tags?post=158285"}],"curies":[{"name":"wp","href":"https:\/\/api.w.org\/{rel}","templated":true}]}}