{"id":158299,"date":"2024-08-10T09:00:33","date_gmt":"2024-08-10T12:00:33","guid":{"rendered":"https:\/\/corrientesdetarde.com\/?p=158299"},"modified":"2024-08-10T09:00:34","modified_gmt":"2024-08-10T12:00:34","slug":"ferias-de-la-ciudad-con-cupo-para-discapacitados","status":"publish","type":"post","link":"https:\/\/corrientesdetarde.com\/index.php\/informacion-general\/ferias-de-la-ciudad-con-cupo-para-discapacitados\/","title":{"rendered":"Ferias de la Ciudad con cupo para discapacitados"},"content":{"rendered":"\n<p>Esta semana, en el marco de la decimonovena sesi\u00f3n ordinaria del Concejo Deliberante, fue aprobada una normativa para la incorporaci\u00f3n al esquema de Ferias y Mercados Populares, establecido por la Ordenanza N\u00ba6.391, de un cupo m\u00ednimo de cuatro lugares para que puedan ser cubiertos por personas con discapacidad o instituciones.<\/p>\n\n\n\n<p>La Secretar\u00eda de Desarrollo Econ\u00f3mico ser\u00e1 la autoridad encargada de determinar requisitos necesarios para la inscripci\u00f3n y coordinar la incorporaci\u00f3n paulatina y ordenada de quienes quieran sumarse para ofrecer sus productos.<\/p>\n\n\n\n<p>Hay que tener en cuenta que seg\u00fan datos publicados por el Instituto de Estad\u00edsticas y Censos, en Argentina el 80% de las personas con discapacidad no consigue un trabajo formal ni se les facilita las oportunidades de emprender por cuenta propia.<\/p>\n\n\n\n<p>En el articulado de la citada norma, se especifica: &#8220;Inv\u00edtese a todas las personas con discapacidad e instituciones que trabajen con personas con discapacidad en edad laboral, para que puedan incorporarse al esquema de las Ferias y Mercados Populares establecido por ordenanza 6391\/16 y ofrecer les productos que elaboren, produzcan o fabriquen.<\/p>\n\n\n\n<p>Adem\u00e1s se deber\u00e1 crear, en el \u00e1mbito de la Coordinaci\u00f3n Ejecutiva de Discapacidad e Inclusi\u00f3n Social de la Municipalidad de la Ciudad de Corrientes, el Registro de instituciones y personas con discapacidad que est\u00e9n interesados en ofrecer sus productos en las Ferias o Mercados Populares y, disponer en coordinaci\u00f3n con la Secretaria de Desarrollo Econ\u00f3mico su incorporaci\u00f3n en los distintos d\u00edas en que funcionan esas ferias.<\/p>\n\n\n\n<p>En los considerandos del expediente qued\u00f3 explicitado que &#8220;resulta imperioso implementar distintas acciones destinadas a la inserci\u00f3n de personas con discapacidad en emprendimientos independientes, considerando esencialmente las graves dificultades que enfrentan al momento de conseguir un puesto de trabajo estable y de calidad, que les otorgue la oportunidad de mejorar su calidad de vida&#8221;.<\/p>\n","protected":false},"excerpt":{"rendered":"<p>Esta semana, en el marco de la decimonovena sesi\u00f3n ordinaria del Concejo Deliberante, fue aprobada una normativa para la incorporaci\u00f3n al esquema de Ferias y Mercados Populares, establecido por la&hellip; <\/p>\n","protected":false},"author":3,"featured_media":158310,"comment_status":"closed","ping_status":"open","sticky":false,"template":"","format":"standard","meta":{"footnotes":""},"categories":[1],"tags":[],"class_list":["post-158299","post","type-post","status-publish","format-standard","has-post-thumbnail","hentry","category-informacion-general"],"_links":{"self":[{"href":"https:\/\/corrientesdetarde.com\/index.php\/wp-json\/wp\/v2\/posts\/158299","targetHints":{"allow":["GET"]}}],"collection":[{"href":"https:\/\/corrientesdetarde.com\/index.php\/wp-json\/wp\/v2\/posts"}],"about":[{"href":"https:\/\/corrientesdetarde.com\/index.php\/wp-json\/wp\/v2\/types\/post"}],"author":[{"embeddable":true,"href":"https:\/\/corrientesdetarde.com\/index.php\/wp-json\/wp\/v2\/users\/3"}],"replies":[{"embeddable":true,"href":"https:\/\/corrientesdetarde.com\/index.php\/wp-json\/wp\/v2\/comments?post=158299"}],"version-history":[{"count":1,"href":"https:\/\/corrientesdetarde.com\/index.php\/wp-json\/wp\/v2\/posts\/158299\/revisions"}],"predecessor-version":[{"id":158328,"href":"https:\/\/corrientesdetarde.com\/index.php\/wp-json\/wp\/v2\/posts\/158299\/revisions\/158328"}],"wp:featuredmedia":[{"embeddable":true,"href":"https:\/\/corrientesdetarde.com\/index.php\/wp-json\/wp\/v2\/media\/158310"}],"wp:attachment":[{"href":"https:\/\/corrientesdetarde.com\/index.php\/wp-json\/wp\/v2\/media?parent=158299"}],"wp:term":[{"taxonomy":"category","embeddable":true,"href":"https:\/\/corrientesdetarde.com\/index.php\/wp-json\/wp\/v2\/categories?post=158299"},{"taxonomy":"post_tag","embeddable":true,"href":"https:\/\/corrientesdetarde.com\/index.php\/wp-json\/wp\/v2\/tags?post=158299"}],"curies":[{"name":"wp","href":"https:\/\/api.w.org\/{rel}","templated":true}]}}