{"id":158301,"date":"2024-08-10T09:00:28","date_gmt":"2024-08-10T12:00:28","guid":{"rendered":"https:\/\/corrientesdetarde.com\/?p=158301"},"modified":"2024-08-10T09:00:29","modified_gmt":"2024-08-10T12:00:29","slug":"dengue-solicitan-que-la-gente-complete-el-esquema-de-vacunas","status":"publish","type":"post","link":"https:\/\/corrientesdetarde.com\/index.php\/bienestar-y-salud\/dengue-solicitan-que-la-gente-complete-el-esquema-de-vacunas\/","title":{"rendered":"Dengue: solicitan que la gente complete el esquema de vacunas"},"content":{"rendered":"\n<p>Desde el Gobierno de la Provincia advierten que podr\u00eda haber complicaciones por el contexto sanitario que se vive en la regi\u00f3n. Por esta raz\u00f3n, instan a la poblaci\u00f3n que se encuentra en la franja etaria que accedi\u00f3 a la primera dosis que cumpla con la segunda.<\/p>\n\n\n\n<p>Los especialistas anticipan que en esta parte de Sudam\u00e9rica volver\u00e1 el d\u00e9ficit h\u00eddrico por el regreso de la Ni\u00f1a. Esta situaci\u00f3n podr\u00eda provocar que se incrementen los casos de dengue. Por esta raz\u00f3n, desde la cartera sanitaria provincial instan a que las personas que est\u00e1n en la franja etaria permitida acceda a la vacunaci\u00f3n para evitar la enfermedad.<\/p>\n\n\n\n<p>A fines del a\u00f1o pasado y principios de este hubo un notable incremento en casos de esta enfermedad. Inclusive, personas que perdieron la vida.<\/p>\n\n\n\n<p>A pasar de transitar el \u00faltimo mes del invierno, los especialistas abren literalmente el paraguas para la temporada estival que se aproxima.<\/p>\n\n\n\n<figure class=\"wp-block-image\"><img decoding=\"async\" src=\"https:\/\/www.diarioepoca.com\/content\/bucket\/4\/1377884w380h283c.jpg.webp\" alt=\"\"\/><figcaption class=\"wp-element-caption\">LOS QUE RECIBIERON LA PRIMERA DOSIS PODR\u00c1N RECIBIR LA SEGUNDA A LOS TRES MESES.<\/figcaption><\/figure>\n\n\n\n<p>El panorama a priori es de alerta. Por esta situaci\u00f3n, desde el Gobierno de la Provincia trabajan en fortalecer las campa\u00f1as de prevenci\u00f3n apuntando especialmente a la vacunaci\u00f3n.<\/p>\n\n\n\n<p>A diferencia de la vacuna anticovid, la del dengue tuvo una suerte de resistencia. El propio ministro de Salud de la provincia, Ricardo Cardozo, admiti\u00f3 que la demanda no es la que se esperaba.<\/p>\n\n\n\n<p>Angelina Bobadilla, directora del \u00e1rea de Epidemiolog\u00eda del ministerio, inst\u00f3 a la poblaci\u00f3n a completar la segunda dosis de la vacuna contra el dengue.<\/p>\n\n\n\n<p>La profesional record\u00f3 que aquellos que ya se aplicaron la primera dosis y cumplieron el per\u00edodo de tres meses, est\u00e1n a tiempo de recibir la segunda dosis.<\/p>\n\n\n\n<p>&#8220;La vacuna protege contra la infecci\u00f3n del virus del dengue, las formas graves de la enfermedad, y requiere de dos dosis para lograr una protecci\u00f3n adecuada.<\/p>\n\n\n\n<p>Es fundamental completar la vacunaci\u00f3n para asegurar la respuesta de protecci\u00f3n deseada&#8221;, subray\u00f3 la funcionaria provincial.<\/p>\n\n\n\n<p>La funcionaria resalt\u00f3 la importancia de esta estrategia, especialmente de cara a la temporada de verano, cuando se espera un aumento de los casos debido al brote significativo en la provincia, el pa\u00eds y en el continente.<\/p>\n\n\n\n<p>Adem\u00e1s, la profesional record\u00f3 que, junto con la vacunaci\u00f3n, es vital mantener el ordenamiento ambiental, eliminar criaderos de mosquitos y continuar con las acciones de concientizaci\u00f3n.<\/p>\n\n\n\n<p>&#8220;La eliminaci\u00f3n de criaderos es la estrategia fundamental para evitar brotes de dengue y reducir el impacto sanitario tanto individual como colectivo&#8221;, expres\u00f3 la directora de epidemiolog\u00eda.<\/p>\n\n\n\n<p>Los interesados en acceder a las vacunas pueden confirmar los turnos enviados por la cartera sanitaria de la Provincia o acercarse al vacunatorio donde se aplic\u00f3 la primera dosis para recibir la segunda.<\/p>\n\n\n\n<h2 class=\"wp-block-heading\">Naci\u00f3n apela a la prevenci\u00f3n&nbsp;<\/h2>\n\n\n\n<figure class=\"wp-block-image\"><img decoding=\"async\" src=\"https:\/\/www.diarioepoca.com\/content\/bucket\/1\/1377911w380h255c.jpg.webp\" alt=\"\"\/><\/figure>\n\n\n\n<p>Desde el Gobierno Nacional instan a la prevenci\u00f3n del dengue. Vale recordar que es una enfermedad viral transmitida por la picadura del mosquito Aedes aegypti. Cuando el mosquito se alimenta con sangre de una persona enferma de dengue y luego pica a otras personas, les transmite esta enfermedad. El contagio solo se produce por la picadura de los mosquitos infectados, nunca de una persona a otra ni a trav\u00e9s de objetos o de la leche materna. Sin embargo, aunque es poco com\u00fan, las mujeres embarazadas pueden contagiar a sus beb\u00e9s durante el embarazo.<\/p>\n\n\n\n<p>El dengue es grave cuando se producen hemorragias. Las medidas preventivas se centran en la eliminaci\u00f3n y el control de los criaderos del mosquito Aedes aegypti.<\/p>\n\n\n\n<p>La principal medida tiene que ver con evitar que el mosquito se reproduzca, eliminando y limpiando los elementos que acumulen agua en la casa y alrededores.<\/p>\n\n\n\n<p>Por otro lado, es importante evitar las picaduras de mosquitos. Utiliz\u00e1 espirales, pastillas u otros repelentes ambientales y ropa de colores claros que cubra brazos y piernas.<\/p>\n\n\n\n<p>Aplicate repelentes en aerosol, crema o l\u00edquidos en las partes del cuerpo expuestas, renov\u00e1ndolo frecuentemente seg\u00fan la indicaci\u00f3n del envase. Coloc\u00e1 mosquiteros o telas met\u00e1licas en las aberturas de las viviendas. En beb\u00e9s menores de dos meses no se recomienda utilizar repelentes. Proteg\u00e9 las cunas o cochecitos de beb\u00e9s con mosquiteros tipo tul cuando est\u00e9n al aire libre y asegurate de que permitan una correcta ventilaci\u00f3n.<\/p>\n","protected":false},"excerpt":{"rendered":"<p>Desde el Gobierno de la Provincia advierten que podr\u00eda haber complicaciones por el contexto sanitario que se vive en la regi\u00f3n. Por esta raz\u00f3n, instan a la poblaci\u00f3n que se&hellip; <\/p>\n","protected":false},"author":3,"featured_media":158308,"comment_status":"closed","ping_status":"open","sticky":false,"template":"","format":"standard","meta":{"footnotes":""},"categories":[16],"tags":[],"class_list":["post-158301","post","type-post","status-publish","format-standard","has-post-thumbnail","hentry","category-bienestar-y-salud"],"_links":{"self":[{"href":"https:\/\/corrientesdetarde.com\/index.php\/wp-json\/wp\/v2\/posts\/158301","targetHints":{"allow":["GET"]}}],"collection":[{"href":"https:\/\/corrientesdetarde.com\/index.php\/wp-json\/wp\/v2\/posts"}],"about":[{"href":"https:\/\/corrientesdetarde.com\/index.php\/wp-json\/wp\/v2\/types\/post"}],"author":[{"embeddable":true,"href":"https:\/\/corrientesdetarde.com\/index.php\/wp-json\/wp\/v2\/users\/3"}],"replies":[{"embeddable":true,"href":"https:\/\/corrientesdetarde.com\/index.php\/wp-json\/wp\/v2\/comments?post=158301"}],"version-history":[{"count":1,"href":"https:\/\/corrientesdetarde.com\/index.php\/wp-json\/wp\/v2\/posts\/158301\/revisions"}],"predecessor-version":[{"id":158326,"href":"https:\/\/corrientesdetarde.com\/index.php\/wp-json\/wp\/v2\/posts\/158301\/revisions\/158326"}],"wp:featuredmedia":[{"embeddable":true,"href":"https:\/\/corrientesdetarde.com\/index.php\/wp-json\/wp\/v2\/media\/158308"}],"wp:attachment":[{"href":"https:\/\/corrientesdetarde.com\/index.php\/wp-json\/wp\/v2\/media?parent=158301"}],"wp:term":[{"taxonomy":"category","embeddable":true,"href":"https:\/\/corrientesdetarde.com\/index.php\/wp-json\/wp\/v2\/categories?post=158301"},{"taxonomy":"post_tag","embeddable":true,"href":"https:\/\/corrientesdetarde.com\/index.php\/wp-json\/wp\/v2\/tags?post=158301"}],"curies":[{"name":"wp","href":"https:\/\/api.w.org\/{rel}","templated":true}]}}