{"id":158303,"date":"2024-08-10T09:00:21","date_gmt":"2024-08-10T12:00:21","guid":{"rendered":"https:\/\/corrientesdetarde.com\/?p=158303"},"modified":"2024-08-10T09:00:25","modified_gmt":"2024-08-10T12:00:25","slug":"desarrollo-social-capacito-sobre-huertas-familiares-y-entrego-semillas","status":"publish","type":"post","link":"https:\/\/corrientesdetarde.com\/index.php\/informacion-general\/desarrollo-social-capacito-sobre-huertas-familiares-y-entrego-semillas\/","title":{"rendered":"Desarrollo Social capacit\u00f3 sobre huertas familiares y entreg\u00f3 semillas"},"content":{"rendered":"\n<p><strong>Se realiz\u00f3 este jueves 8 de agosto por la tarde&nbsp;un Taller de Huertas, en el marco del Ciclo de Capacitaciones en Huertas Familiares&nbsp;organizado por el Ministerio de Desarrollo Social de la provincia a cargo de Ad\u00e1n Gaya, en el&nbsp;<\/strong>&nbsp;<strong>Centro inclusivo ubicado en Av. Maip\u00fa 3970.<\/strong><\/p>\n\n\n\n<p><strong>La capacitaci\u00f3n la realiz\u00f3 el Director de Fortalecimiento Institucional del Ministerio, Lic. \u00c1lvaro Rodr\u00edguez, esta fue la primera de cuatro jornadas con contenido te\u00f3rico- pr\u00e1ctico y que continuar\u00e1 los d\u00edas 15, 22 y 29 de Agosto de 17 a 19 hs en el mismo lugar.<\/strong><\/p>\n\n\n\n<p><strong>Esta capacitaci\u00f3n est\u00e1&nbsp;destinado a familias que asisten al Centro Inclusivo, es una actividad conjunta del Ministerio de Desarrollo Social con el Ministerio de Coordinaci\u00f3n y Planificaci\u00f3n.<\/strong><\/p>\n\n\n\n<p><strong>Se va a realizar una huerta institucional en este Centro y la idea es que las familias puedan replicar los conocimientos adquiridos en sus casas&nbsp; desarrollando huertas familiares.<\/strong><\/p>\n\n\n\n<p><strong>Adem\u00e1s, el Ministerio hizo entrega de semillas de estaci\u00f3n para que la comunidad pueda iniciar su huerta.<\/strong><\/p>\n\n\n\n<p><strong>La iniciativa&nbsp;de este taller, surge con el fin de que&nbsp;los vecinos utilicen los conocimientos adquiridos&nbsp;en la producci\u00f3n hort\u00edcola para realizar&nbsp;actividades de micro emprendimientos.<\/strong><\/p>\n","protected":false},"excerpt":{"rendered":"<p>Se realiz\u00f3 este jueves 8 de agosto por la tarde&nbsp;un Taller de Huertas, en el marco del Ciclo de Capacitaciones en Huertas Familiares&nbsp;organizado por el Ministerio de Desarrollo Social de&hellip; <\/p>\n","protected":false},"author":3,"featured_media":158305,"comment_status":"closed","ping_status":"open","sticky":false,"template":"","format":"standard","meta":{"footnotes":""},"categories":[1],"tags":[],"class_list":["post-158303","post","type-post","status-publish","format-standard","has-post-thumbnail","hentry","category-informacion-general"],"_links":{"self":[{"href":"https:\/\/corrientesdetarde.com\/index.php\/wp-json\/wp\/v2\/posts\/158303","targetHints":{"allow":["GET"]}}],"collection":[{"href":"https:\/\/corrientesdetarde.com\/index.php\/wp-json\/wp\/v2\/posts"}],"about":[{"href":"https:\/\/corrientesdetarde.com\/index.php\/wp-json\/wp\/v2\/types\/post"}],"author":[{"embeddable":true,"href":"https:\/\/corrientesdetarde.com\/index.php\/wp-json\/wp\/v2\/users\/3"}],"replies":[{"embeddable":true,"href":"https:\/\/corrientesdetarde.com\/index.php\/wp-json\/wp\/v2\/comments?post=158303"}],"version-history":[{"count":1,"href":"https:\/\/corrientesdetarde.com\/index.php\/wp-json\/wp\/v2\/posts\/158303\/revisions"}],"predecessor-version":[{"id":158324,"href":"https:\/\/corrientesdetarde.com\/index.php\/wp-json\/wp\/v2\/posts\/158303\/revisions\/158324"}],"wp:featuredmedia":[{"embeddable":true,"href":"https:\/\/corrientesdetarde.com\/index.php\/wp-json\/wp\/v2\/media\/158305"}],"wp:attachment":[{"href":"https:\/\/corrientesdetarde.com\/index.php\/wp-json\/wp\/v2\/media?parent=158303"}],"wp:term":[{"taxonomy":"category","embeddable":true,"href":"https:\/\/corrientesdetarde.com\/index.php\/wp-json\/wp\/v2\/categories?post=158303"},{"taxonomy":"post_tag","embeddable":true,"href":"https:\/\/corrientesdetarde.com\/index.php\/wp-json\/wp\/v2\/tags?post=158303"}],"curies":[{"name":"wp","href":"https:\/\/api.w.org\/{rel}","templated":true}]}}