{"id":158313,"date":"2024-08-10T10:00:11","date_gmt":"2024-08-10T13:00:11","guid":{"rendered":"https:\/\/corrientesdetarde.com\/?p=158313"},"modified":"2024-08-10T10:00:12","modified_gmt":"2024-08-10T13:00:12","slug":"un-fin-de-semana-con-musica-electronica-pena-y-gastronomia","status":"publish","type":"post","link":"https:\/\/corrientesdetarde.com\/index.php\/locales\/un-fin-de-semana-con-musica-electronica-pena-y-gastronomia\/","title":{"rendered":"Un fin de semana con m\u00fasica electr\u00f3nica, pe\u00f1a y gastronom\u00eda"},"content":{"rendered":"\n<p>Como cada fin de semana, el Municipio de Corrientes prepar\u00f3 una amplia programaci\u00f3n de actividades al aire libre y con acceso gratuito para los vecinos y turistas.<\/p>\n\n\n\n<p>Para quienes deseen llevarse un recuerdo o regalar algo especial, hecho por manos correntinas, pueden encontrar lo que buscan en la Feria de Artesanos que tendr\u00e1 lugar, de 9 a 22, hoy y ma\u00f1ana domingo en la avenida Costanera Sur y calle Las Heras.<\/p>\n\n\n\n<p>En doble jornada hoy, de 9 a 12 y de 16 a 19, se llevar\u00e1 adelante en el Club de Regatas Corrientes la tercera fecha del Torneo Regional de Nataci\u00f3n. Participar\u00e1n cinco provincias con aproximadamente 290 nadadores.<\/p>\n\n\n\n<p>Adem\u00e1s, desde las 15, se desarrollar\u00e1 el taller &#8220;Ventana al dise\u00f1o y moda sustentable&#8221;, con clases de construcci\u00f3n de modelo de tejido y de reciclado de indumentaria en la Escuela de Arte Municipal ubicada en avenida Sarmiento 2145.<\/p>\n\n\n\n<p>A las 16, en el Centro Cultural Adolfo Mors ser\u00e1 el turno del Master Class de ritmos &#8220;Camino al \u00c9xito&#8221;, con profesores e instructores invitados de m\u00fasica latina, zumba y carnaval.<\/p>\n\n\n\n<p>Tambi\u00e9n, desde las 16 y hasta la medianoche se desarrollar\u00e1 una nueva edici\u00f3n del Muni Sunset (Festival de m\u00fasica electr\u00f3nica) en la playa Arazaty (play\u00f3n bajo el puente) con la presentaci\u00f3n de los dj\u0092s Bulo Ae, Del Manzano y la artista visual Ailen Chaco.<\/p>\n\n\n\n<p>En el parque Camba Cu\u00e1 (Chaco y Pellegrini), de 19 a 3, se realizar\u00e1 el Patio Gastron\u00f3mico, que incluir\u00e1 una feria de cerveceros artesanales, gastronom\u00eda local y Djs en vivo.<\/p>\n\n\n\n<p>Para ma\u00f1ana domingo, de 8 a 12, se llevar\u00e1 adelante el cuadrangular deportivo de prevenci\u00f3n de consumos problem\u00e1ticos en el club Las Guainas del barrio Laguna Soto. En la intersecci\u00f3n de las calles Carau y Suiriri habr\u00e1 juegos, actividades deportivas y concientizaci\u00f3n.<\/p>\n\n\n\n<p>Desde las 16, en la rotonda de la plaza Espa\u00f1a, nuevamente desembarcar\u00e1 la Pe\u00f1a Oficial de la Ciudad. En esta oportunidad, actuar\u00e1n: el Elenco Municipal Selva Guaran\u00ed, el Ballet Esp\u00edritu Correntino, Los Aut\u00e9nticos del Chamam\u00e9, Los Rom\u00e1nticos, Osvaldo Gamarra y su grupo San Jorge, Emmanuel y sus Tarragoseros, Los Trangoni y la Pareja Nacional del Chamam\u00e9 2024: Milagros G\u00f3mez y Mauricio Morel. Habr\u00e1 adem\u00e1s ferias gastron\u00f3micas y emprendedoras.<\/p>\n\n\n\n<p>En avenida Costanera y Pellegrini se llevar\u00e1 adelante &#8220;Ciudad de Dise\u00f1o&#8221;, en el horario de 16 a 21. En esta ocasi\u00f3n quienes pasen por all\u00ed, se encontrar\u00e1n con m\u00faltiples productos artesanales, creativos hechos por emprendedores locales de dise\u00f1o, textiles, tejidos, did\u00e1cticos y mucho m\u00e1s. Habr\u00e1 adem\u00e1s emprendedores gastron\u00f3micos locales.<\/p>\n","protected":false},"excerpt":{"rendered":"<p>Como cada fin de semana, el Municipio de Corrientes prepar\u00f3 una amplia programaci\u00f3n de actividades al aire libre y con acceso gratuito para los vecinos y turistas. Para quienes deseen&hellip; <\/p>\n","protected":false},"author":3,"featured_media":158320,"comment_status":"closed","ping_status":"open","sticky":false,"template":"","format":"standard","meta":{"footnotes":""},"categories":[8],"tags":[],"class_list":["post-158313","post","type-post","status-publish","format-standard","has-post-thumbnail","hentry","category-locales"],"_links":{"self":[{"href":"https:\/\/corrientesdetarde.com\/index.php\/wp-json\/wp\/v2\/posts\/158313","targetHints":{"allow":["GET"]}}],"collection":[{"href":"https:\/\/corrientesdetarde.com\/index.php\/wp-json\/wp\/v2\/posts"}],"about":[{"href":"https:\/\/corrientesdetarde.com\/index.php\/wp-json\/wp\/v2\/types\/post"}],"author":[{"embeddable":true,"href":"https:\/\/corrientesdetarde.com\/index.php\/wp-json\/wp\/v2\/users\/3"}],"replies":[{"embeddable":true,"href":"https:\/\/corrientesdetarde.com\/index.php\/wp-json\/wp\/v2\/comments?post=158313"}],"version-history":[{"count":1,"href":"https:\/\/corrientesdetarde.com\/index.php\/wp-json\/wp\/v2\/posts\/158313\/revisions"}],"predecessor-version":[{"id":158331,"href":"https:\/\/corrientesdetarde.com\/index.php\/wp-json\/wp\/v2\/posts\/158313\/revisions\/158331"}],"wp:featuredmedia":[{"embeddable":true,"href":"https:\/\/corrientesdetarde.com\/index.php\/wp-json\/wp\/v2\/media\/158320"}],"wp:attachment":[{"href":"https:\/\/corrientesdetarde.com\/index.php\/wp-json\/wp\/v2\/media?parent=158313"}],"wp:term":[{"taxonomy":"category","embeddable":true,"href":"https:\/\/corrientesdetarde.com\/index.php\/wp-json\/wp\/v2\/categories?post=158313"},{"taxonomy":"post_tag","embeddable":true,"href":"https:\/\/corrientesdetarde.com\/index.php\/wp-json\/wp\/v2\/tags?post=158313"}],"curies":[{"name":"wp","href":"https:\/\/api.w.org\/{rel}","templated":true}]}}