{"id":158314,"date":"2024-08-10T10:00:09","date_gmt":"2024-08-10T13:00:09","guid":{"rendered":"https:\/\/corrientesdetarde.com\/?p=158314"},"modified":"2024-08-10T10:00:11","modified_gmt":"2024-08-10T13:00:11","slug":"ediles-y-vecinos-hablaron-de-las-necesidades-de-laguna-brava","status":"publish","type":"post","link":"https:\/\/corrientesdetarde.com\/index.php\/informacion-general\/ediles-y-vecinos-hablaron-de-las-necesidades-de-laguna-brava\/","title":{"rendered":"Ediles y vecinos hablaron de las necesidades de Laguna Brava"},"content":{"rendered":"\n<p>El di\u00e1logo se dio en el marco de la reuni\u00f3n preparatoria para lo que ser\u00e1, el jueves pr\u00f3ximo, la tercera sesi\u00f3n itinerante del legislativo comunal en este a\u00f1o. Estuvieron presentes familias del barrio del Sapucay y los sectores conocidos como Las Dos Curvas y Jos\u00e9 Mar\u00eda Paz.<\/p>\n\n\n\n<p>Integrantes del Concejo Deliberante capitalino realizaron ayer, en Laguna Brava, la reuni\u00f3n preparatoria para la tercera sesi\u00f3n itinerante de este a\u00f1o. Del encuentro participaron activamente vecinos del barrio Sapucay y los sectores conocidos como Las Dos Curvas y Jos\u00e9 Mar\u00eda Paz, que buscan tener una denominaci\u00f3n oficial.<\/p>\n\n\n\n<p>Como es habitual en cada uno los encuentros previos a los citados plenarios barriales, los ediles tuvieron fluido di\u00e1logo con las familias de la zona y recepcionaron sus principales solicitudes y necesidades, entre ellas: se\u00f1al\u00e9tica de las calles, desag\u00fces, espacios de esparcimiento, limpieza, alumbrado p\u00fablico, zanjeo y cuestiones vinculadas al servicio de transporte urbano, entre otras.<\/p>\n\n\n\n<p>Seg\u00fan indicaron los integrantes del legislativo municipal, a partir de los planteos vecinales, se elaborar\u00e1n proyectos para ser tratados en la sesi\u00f3n que tendr\u00e1 lugar el pr\u00f3ximo jueves 15 de agosto a las 10 horas en las instalaciones de la iglesia evang\u00e9lica de ese segmento de la ciudad.<\/p>\n\n\n\n<figure class=\"wp-block-image\"><img decoding=\"async\" src=\"https:\/\/www.diarioepoca.com\/content\/bucket\/9\/1377909w380h224c.jpg.webp\" alt=\"\"\/><\/figure>\n\n\n\n<p>Hay que recordar que la primera sesi\u00f3n itinerante del ciclo 2024 del Concejo Deliberante se desarroll\u00f3 el 17 de mayo pasado en Laguna Seca, m\u00e1s precisamente en el colegio secundario &#8220;Presidente Doctor Arturo Humberto Illia&#8221;.<\/p>\n\n\n\n<p>En esa oportunidad, contemplaron las instancias de ese plenario los habitantes del citado barrio y tambi\u00e9n del G\u00fcemes, Serantes, Nuevo, Ongay, 9 de Julio, Irup\u00e9, La Olla y Pirayu\u00ed, entre otros.<\/p>\n\n\n\n<p>La segunda tuvo lugar en junio en el barrio Merceditas Collantes. El encuentro parlamentario fue concretado en la sede del Sindicato de Empleados de Comercio (SEC) ubicado en avenida Libertad y Ruta Nacional N\u00ba12, cont\u00f3 con la participaci\u00f3n de muchas familias del barrio anfitri\u00f3n y representantes de comisiones vecinales del Piragine Niveyro, Bejarano, Jard\u00edn, Yecoh\u00e1, La Rinconada, El Perich\u00f3n, San Francisco e Industrial, entre otros.<\/p>\n\n\n\n<h2 class=\"wp-block-heading\">Una d\u00e9cada<\/h2>\n\n\n\n<p>La creaci\u00f3n del ciclo &#8220;Concejo Itinerante&#8221; se remonta al a\u00f1o 2014, per\u00edodo en el que fueron sancionadas las ordenanzas N\u00b06.061 y 6.234.<\/p>\n\n\n\n<p>Mediante este r\u00e9gimen, cuatro sesiones del per\u00edodo ordinario deben realizarse en diferentes barrios capitalinos, fomentando la participaci\u00f3n de los vecinos, donde podr\u00e1n presentar proyectos a fin de ser incorporados al orden del d\u00eda respectivo, a trav\u00e9s de alg\u00fan concejal o por medio del derecho de iniciativa conforme lo establecido por el art\u00edculo 136\u00b0 de la Carta Org\u00e1nica Municipal, de conformidad al Reglamento del HCD. El ciclo fue interrumpido durante los a\u00f1os 2020 y 2021 por el aislamiento social, preventivo y obligatorio (ASPO) dispuesto ante la pandemia del COVID 19.<\/p>\n","protected":false},"excerpt":{"rendered":"<p>El di\u00e1logo se dio en el marco de la reuni\u00f3n preparatoria para lo que ser\u00e1, el jueves pr\u00f3ximo, la tercera sesi\u00f3n itinerante del legislativo comunal en este a\u00f1o. Estuvieron presentes&hellip; <\/p>\n","protected":false},"author":3,"featured_media":158319,"comment_status":"closed","ping_status":"open","sticky":false,"template":"","format":"standard","meta":{"footnotes":""},"categories":[1],"tags":[],"class_list":["post-158314","post","type-post","status-publish","format-standard","has-post-thumbnail","hentry","category-informacion-general"],"_links":{"self":[{"href":"https:\/\/corrientesdetarde.com\/index.php\/wp-json\/wp\/v2\/posts\/158314","targetHints":{"allow":["GET"]}}],"collection":[{"href":"https:\/\/corrientesdetarde.com\/index.php\/wp-json\/wp\/v2\/posts"}],"about":[{"href":"https:\/\/corrientesdetarde.com\/index.php\/wp-json\/wp\/v2\/types\/post"}],"author":[{"embeddable":true,"href":"https:\/\/corrientesdetarde.com\/index.php\/wp-json\/wp\/v2\/users\/3"}],"replies":[{"embeddable":true,"href":"https:\/\/corrientesdetarde.com\/index.php\/wp-json\/wp\/v2\/comments?post=158314"}],"version-history":[{"count":1,"href":"https:\/\/corrientesdetarde.com\/index.php\/wp-json\/wp\/v2\/posts\/158314\/revisions"}],"predecessor-version":[{"id":158330,"href":"https:\/\/corrientesdetarde.com\/index.php\/wp-json\/wp\/v2\/posts\/158314\/revisions\/158330"}],"wp:featuredmedia":[{"embeddable":true,"href":"https:\/\/corrientesdetarde.com\/index.php\/wp-json\/wp\/v2\/media\/158319"}],"wp:attachment":[{"href":"https:\/\/corrientesdetarde.com\/index.php\/wp-json\/wp\/v2\/media?parent=158314"}],"wp:term":[{"taxonomy":"category","embeddable":true,"href":"https:\/\/corrientesdetarde.com\/index.php\/wp-json\/wp\/v2\/categories?post=158314"},{"taxonomy":"post_tag","embeddable":true,"href":"https:\/\/corrientesdetarde.com\/index.php\/wp-json\/wp\/v2\/tags?post=158314"}],"curies":[{"name":"wp","href":"https:\/\/api.w.org\/{rel}","templated":true}]}}