{"id":158315,"date":"2024-08-10T10:00:07","date_gmt":"2024-08-10T13:00:07","guid":{"rendered":"https:\/\/corrientesdetarde.com\/?p=158315"},"modified":"2024-08-10T10:00:08","modified_gmt":"2024-08-10T13:00:08","slug":"debemos-fortalecer-la-ucr-para-el-2025-ano-electoral-muy-importante","status":"publish","type":"post","link":"https:\/\/corrientesdetarde.com\/index.php\/politica\/debemos-fortalecer-la-ucr-para-el-2025-ano-electoral-muy-importante\/","title":{"rendered":"&#8220;Debemos fortalecer la UCR para el 2025, a\u00f1o electoral muy importante&#8221;"},"content":{"rendered":"\n<p>El senador Fick se\u00f1al\u00f3: &#8220;Trabajamos para tener una lista \u00fanica, aunque nos preparamos para el proceso electoral interno&#8221;. Resalt\u00f3 que el objetivo central es fortalecer el partido de cara a las elecciones del a\u00f1o que viene. El jueves hubo fuerte respaldo a Vald\u00e9s como presidente.<\/p>\n\n\n\n<p>En dos meses y medio el radicalismo correntino debe definir a sus nuevas autoridades en un proceso de normalizaci\u00f3n institucional que se inici\u00f3 en el primer semestre, pero tras una fuerte estampida. Fue un estallido intestinal a partir de una dura puja interna polarizada en figuras de peso, un sucesor y su predecesor en el Gobierno: Gustavo Vald\u00e9s y Ricardo Colombi.<\/p>\n\n\n\n<p>Camino al 27 de octubre, fecha definida para votar internas, el jueves por la noche se realiz\u00f3 un masivo encuentro de radicales en apoyo a la candidatura de Vald\u00e9s como presidente de la UCR Corrientes. En la ocasi\u00f3n, el senador provincial y exintendente Henry Fick (hasta hace poco tambi\u00e9n titular de la Convenci\u00f3n Radical), describi\u00f3 el escenario actual y dej\u00f3 un mensaje: &#8220;Debemos fortalecer la Uni\u00f3n C\u00edvica Radical para empezar el 2025, que es un a\u00f1o electoral muy importante&#8221;.<\/p>\n\n\n\n<p>&#8220;Hace bastante tiempo no ten\u00edamos un proceso electoral en marcha como el de ahora&#8221;, record\u00f3 y luego recalc\u00f3 que &#8220;el di\u00e1logo es lo \u00faltimo que se tiene que perder&#8221;, dijo y abri\u00f3 la puerta a otros sectores.<\/p>\n\n\n\n<p>Fick record\u00f3 que el 27 de agosto se cierran las afiliaciones y la presentaci\u00f3n de las listas se deber\u00e1 realizar el 12 de octubre. No descart\u00f3 que en caso de que haya un acuerdo provincial puedan darse internas en algunas localidades. &#8220;Pero trabajamos para tener una lista \u00fanica, aunque nos preparamos para el proceso electoral&#8221;, indic\u00f3.<\/p>\n\n\n\n<p>Vald\u00e9s, por su parte, en el acto del jueves sostuvo sin muchas vueltas: &#8220;Hoy quiero que los radicales de Corrientes me den el honor de conducir nuestro partido en la provincia&#8221;. Y tambi\u00e9n reconoci\u00f3: &#8220;Necesitamos di\u00e1logo en nuestro partido&#8221;.<\/p>\n","protected":false},"excerpt":{"rendered":"<p>El senador Fick se\u00f1al\u00f3: &#8220;Trabajamos para tener una lista \u00fanica, aunque nos preparamos para el proceso electoral interno&#8221;. Resalt\u00f3 que el objetivo central es fortalecer el partido de cara a&hellip; <\/p>\n","protected":false},"author":3,"featured_media":158318,"comment_status":"closed","ping_status":"open","sticky":false,"template":"","format":"standard","meta":{"footnotes":""},"categories":[3],"tags":[],"class_list":["post-158315","post","type-post","status-publish","format-standard","has-post-thumbnail","hentry","category-politica"],"_links":{"self":[{"href":"https:\/\/corrientesdetarde.com\/index.php\/wp-json\/wp\/v2\/posts\/158315","targetHints":{"allow":["GET"]}}],"collection":[{"href":"https:\/\/corrientesdetarde.com\/index.php\/wp-json\/wp\/v2\/posts"}],"about":[{"href":"https:\/\/corrientesdetarde.com\/index.php\/wp-json\/wp\/v2\/types\/post"}],"author":[{"embeddable":true,"href":"https:\/\/corrientesdetarde.com\/index.php\/wp-json\/wp\/v2\/users\/3"}],"replies":[{"embeddable":true,"href":"https:\/\/corrientesdetarde.com\/index.php\/wp-json\/wp\/v2\/comments?post=158315"}],"version-history":[{"count":1,"href":"https:\/\/corrientesdetarde.com\/index.php\/wp-json\/wp\/v2\/posts\/158315\/revisions"}],"predecessor-version":[{"id":158329,"href":"https:\/\/corrientesdetarde.com\/index.php\/wp-json\/wp\/v2\/posts\/158315\/revisions\/158329"}],"wp:featuredmedia":[{"embeddable":true,"href":"https:\/\/corrientesdetarde.com\/index.php\/wp-json\/wp\/v2\/media\/158318"}],"wp:attachment":[{"href":"https:\/\/corrientesdetarde.com\/index.php\/wp-json\/wp\/v2\/media?parent=158315"}],"wp:term":[{"taxonomy":"category","embeddable":true,"href":"https:\/\/corrientesdetarde.com\/index.php\/wp-json\/wp\/v2\/categories?post=158315"},{"taxonomy":"post_tag","embeddable":true,"href":"https:\/\/corrientesdetarde.com\/index.php\/wp-json\/wp\/v2\/tags?post=158315"}],"curies":[{"name":"wp","href":"https:\/\/api.w.org\/{rel}","templated":true}]}}