{"id":158335,"date":"2024-08-10T11:02:24","date_gmt":"2024-08-10T14:02:24","guid":{"rendered":"https:\/\/corrientesdetarde.com\/?p=158335"},"modified":"2024-08-10T11:02:25","modified_gmt":"2024-08-10T14:02:25","slug":"rivales-para-los-anfitriones-correntinos-en-el-torneo-interligas","status":"publish","type":"post","link":"https:\/\/corrientesdetarde.com\/index.php\/deportes\/rivales-para-los-anfitriones-correntinos-en-el-torneo-interligas\/","title":{"rendered":"Rivales para los anfitriones correntinos en el Torneo Interligas"},"content":{"rendered":"\n<p>Regatas y San Mart\u00edn ser\u00e1n sedes en el certamen internacional que se disputar\u00e1 a fines de septiembre. El rojinegro integrar\u00e1 el Grupo A junto a Platense, Unifacisa y Pato Basquete, mientras que el fantasma ir\u00e1 al B con Pe\u00f1arol de Mar del Plata, Fortaleza y Uniao Corinthians.<\/p>\n\n\n\n<p>Regatas y San Mart\u00edn tendr\u00e1n actividad en una competencia internacional antes de la Liga Nacional de B\u00e1squetbol (LNB). Del 25 al 29 de septiembre, los equipos de la capital correntina ser\u00e1n anfitriones de los cuadrangulares del Torneo Interligas, que dar\u00e1n con los elencos que luego dirimir\u00e1n la corona. En este sentido, el elenco dirigido por Gabriel Revidatti integrar\u00e1 el Grupo A junto a otro equipo nacional, Platense de Vicente L\u00f3pez. Los otros dos rivales de la zona ser\u00e1n los brasile\u00f1os Unifacisa y Pato Basquete. Por su parte, en el estadio Jos\u00e9 Jorge Contte del parque Mitre, los remeros tendr\u00e1n que medirse ante Pe\u00f1arol de Mar del Plata, Fortaleza y Uniao Corinthians (ambos elencos tambi\u00e9n de Brasil).<\/p>\n\n\n\n<figure class=\"wp-block-image\"><img decoding=\"async\" src=\"https:\/\/www.diarioepoca.com\/content\/bucket\/9\/1377919w380h476c.jpg.webp\" alt=\"\"\/><\/figure>\n\n\n\n<p>Los regatenses jugaron la \u00faltima edici\u00f3n pero no pudieron acceder a la definici\u00f3n a pesar de ser locales y est\u00e1 ser\u00e1 su tercera participaci\u00f3n. Para San Mart\u00edn ser\u00e1 la primera experiencia, luego de ser finalista de la Liga Sudamericana de B\u00e1squetbol en diciembre de 2022 (cay\u00f3 ante Baur\u00fa de Brasil).<\/p>\n\n\n\n<figure class=\"wp-block-image\"><img decoding=\"async\" src=\"https:\/\/www.diarioepoca.com\/content\/bucket\/0\/1377920w380h529c.jpg.webp\" alt=\"\"\/><\/figure>\n\n\n\n<p>Ol\u00edmpico de La Banda fue el campe\u00f3n de la edici\u00f3n 2023 del Torneo Interligas. El conjunto santiague\u00f1o le gan\u00f3 a Caxias do Sul de Brasil, ante un marco imponente, en el estadio Vicente Rosales por 83-77. Devon Collier sum\u00f3 20 puntos y baj\u00f3 8 rebotes y Juan Pablo Arengo anot\u00f3 17. El escolta correntino surgido de las inferiores de Regatas fue elegido MVP de la definici\u00f3n (jugador m\u00e1s valioso) completando su plantilla con 5 rebotes y 2 asistencias.<\/p>\n\n\n\n<p>De cara a esta competencia y el inicio de la fase regular LNB, los dos elencos capitalinos tienen avanzada la confecci\u00f3n de sus planteles profesionales, ambos repitiendo los entrenadores que estuvieron al frente en la edici\u00f3n 2023\/24 de la m\u00e1xima categor\u00eda nacional.<\/p>\n","protected":false},"excerpt":{"rendered":"<p>Regatas y San Mart\u00edn ser\u00e1n sedes en el certamen internacional que se disputar\u00e1 a fines de septiembre. El rojinegro integrar\u00e1 el Grupo A junto a Platense, Unifacisa y Pato Basquete,&hellip; <\/p>\n","protected":false},"author":3,"featured_media":158346,"comment_status":"closed","ping_status":"open","sticky":false,"template":"","format":"standard","meta":{"footnotes":""},"categories":[4],"tags":[],"class_list":["post-158335","post","type-post","status-publish","format-standard","has-post-thumbnail","hentry","category-deportes"],"_links":{"self":[{"href":"https:\/\/corrientesdetarde.com\/index.php\/wp-json\/wp\/v2\/posts\/158335","targetHints":{"allow":["GET"]}}],"collection":[{"href":"https:\/\/corrientesdetarde.com\/index.php\/wp-json\/wp\/v2\/posts"}],"about":[{"href":"https:\/\/corrientesdetarde.com\/index.php\/wp-json\/wp\/v2\/types\/post"}],"author":[{"embeddable":true,"href":"https:\/\/corrientesdetarde.com\/index.php\/wp-json\/wp\/v2\/users\/3"}],"replies":[{"embeddable":true,"href":"https:\/\/corrientesdetarde.com\/index.php\/wp-json\/wp\/v2\/comments?post=158335"}],"version-history":[{"count":1,"href":"https:\/\/corrientesdetarde.com\/index.php\/wp-json\/wp\/v2\/posts\/158335\/revisions"}],"predecessor-version":[{"id":158355,"href":"https:\/\/corrientesdetarde.com\/index.php\/wp-json\/wp\/v2\/posts\/158335\/revisions\/158355"}],"wp:featuredmedia":[{"embeddable":true,"href":"https:\/\/corrientesdetarde.com\/index.php\/wp-json\/wp\/v2\/media\/158346"}],"wp:attachment":[{"href":"https:\/\/corrientesdetarde.com\/index.php\/wp-json\/wp\/v2\/media?parent=158335"}],"wp:term":[{"taxonomy":"category","embeddable":true,"href":"https:\/\/corrientesdetarde.com\/index.php\/wp-json\/wp\/v2\/categories?post=158335"},{"taxonomy":"post_tag","embeddable":true,"href":"https:\/\/corrientesdetarde.com\/index.php\/wp-json\/wp\/v2\/tags?post=158335"}],"curies":[{"name":"wp","href":"https:\/\/api.w.org\/{rel}","templated":true}]}}