{"id":158336,"date":"2024-08-10T11:02:23","date_gmt":"2024-08-10T14:02:23","guid":{"rendered":"https:\/\/corrientesdetarde.com\/?p=158336"},"modified":"2024-08-10T11:02:24","modified_gmt":"2024-08-10T14:02:24","slug":"este-lunes-12-comienza-el-pago-de-plus-a-municipales-2","status":"publish","type":"post","link":"https:\/\/corrientesdetarde.com\/index.php\/informacion-general\/este-lunes-12-comienza-el-pago-de-plus-a-municipales-2\/","title":{"rendered":"Este lunes 12 comienza el pago de plus a municipales"},"content":{"rendered":"\n<p>El cronograma de este plus ordinario de agosto se extender\u00e1 hasta el mi\u00e9rcoles 14, seg\u00fan anunci\u00f3 el intendente Eduardo Tassano a trav\u00e9s de sus redes.<\/p>\n\n\n\n<p>Los trabajadores de planta, contrato y los agentes Neike bancarizados tendr\u00e1n depositado el pago del plus en sus respectivas cuentas bancarias el mismo lunes 12, dinero al que podr\u00e1n acceder a trav\u00e9s de los cajeros autom\u00e1ticos habilitados.<\/p>\n\n\n\n<p>Por su parte, aquellos trabajadores Neike que no est\u00e1n bancarizados deber\u00e1n dirigirse a la Caja Municipal de Pr\u00e9stamos (CMP), en su sede central, ubicada en Brasil 1269. Los pagos se realizan de lunes a viernes, de 7:30 a 12:30 y de 16 a 20:30.<\/p>\n\n\n\n<p>En este caso, el lunes 12 les corresponder\u00e1 cobrar a los trabajadores cuyos DNI terminen en 0, 1 y 2; el martes 13, a los agentes con DNI finalizados en 3, 4, 5 y 6; y el mi\u00e9rcoles 14, a los que tengan documentos que finalicen en 7, 8 y 9.<\/p>\n\n\n\n<p>En tanto, los Neike bancarizados pero que no poseen tarjeta de d\u00e9bito, deber\u00e1n cobrar por ventanilla del Banco de Corrientes (sucursal av. Teniente Iba\u00f1ez 1826) de acuerdo al cronograma detallado anteriormente y que va del lunes 12 al mi\u00e9rcoles 14.<\/p>\n","protected":false},"excerpt":{"rendered":"<p>El cronograma de este plus ordinario de agosto se extender\u00e1 hasta el mi\u00e9rcoles 14, seg\u00fan anunci\u00f3 el intendente Eduardo Tassano a trav\u00e9s de sus redes. Los trabajadores de planta, contrato&hellip; <\/p>\n","protected":false},"author":3,"featured_media":158345,"comment_status":"closed","ping_status":"open","sticky":false,"template":"","format":"standard","meta":{"footnotes":""},"categories":[1],"tags":[],"class_list":["post-158336","post","type-post","status-publish","format-standard","has-post-thumbnail","hentry","category-informacion-general"],"_links":{"self":[{"href":"https:\/\/corrientesdetarde.com\/index.php\/wp-json\/wp\/v2\/posts\/158336","targetHints":{"allow":["GET"]}}],"collection":[{"href":"https:\/\/corrientesdetarde.com\/index.php\/wp-json\/wp\/v2\/posts"}],"about":[{"href":"https:\/\/corrientesdetarde.com\/index.php\/wp-json\/wp\/v2\/types\/post"}],"author":[{"embeddable":true,"href":"https:\/\/corrientesdetarde.com\/index.php\/wp-json\/wp\/v2\/users\/3"}],"replies":[{"embeddable":true,"href":"https:\/\/corrientesdetarde.com\/index.php\/wp-json\/wp\/v2\/comments?post=158336"}],"version-history":[{"count":1,"href":"https:\/\/corrientesdetarde.com\/index.php\/wp-json\/wp\/v2\/posts\/158336\/revisions"}],"predecessor-version":[{"id":158354,"href":"https:\/\/corrientesdetarde.com\/index.php\/wp-json\/wp\/v2\/posts\/158336\/revisions\/158354"}],"wp:featuredmedia":[{"embeddable":true,"href":"https:\/\/corrientesdetarde.com\/index.php\/wp-json\/wp\/v2\/media\/158345"}],"wp:attachment":[{"href":"https:\/\/corrientesdetarde.com\/index.php\/wp-json\/wp\/v2\/media?parent=158336"}],"wp:term":[{"taxonomy":"category","embeddable":true,"href":"https:\/\/corrientesdetarde.com\/index.php\/wp-json\/wp\/v2\/categories?post=158336"},{"taxonomy":"post_tag","embeddable":true,"href":"https:\/\/corrientesdetarde.com\/index.php\/wp-json\/wp\/v2\/tags?post=158336"}],"curies":[{"name":"wp","href":"https:\/\/api.w.org\/{rel}","templated":true}]}}