{"id":158387,"date":"2024-08-11T09:01:46","date_gmt":"2024-08-11T12:01:46","guid":{"rendered":"https:\/\/corrientesdetarde.com\/?p=158387"},"modified":"2024-08-11T09:01:58","modified_gmt":"2024-08-11T12:01:58","slug":"el-gobernador-gustavo-valdes-se-refirio-a-la-deuda-de-anses-hoy-nos-deben-casi-150-mil-millones","status":"publish","type":"post","link":"https:\/\/corrientesdetarde.com\/index.php\/locales\/el-gobernador-gustavo-valdes-se-refirio-a-la-deuda-de-anses-hoy-nos-deben-casi-150-mil-millones\/","title":{"rendered":"El gobernador: Gustavo Vald\u00e9s se refiri\u00f3 a la deuda de ANSES: &#8220;Hoy nos deben casi $150 mil millones&#8221;"},"content":{"rendered":"\n<p>El Gobernador se refiri\u00f3 a la reuni\u00f3n que mantuvo en Buenos Aires con altos directivos del organismo nacional. &#8220;Estamos consolidando nuestros n\u00fameros&#8221;, dijo y especific\u00f3 los c\u00e1lculos correntinos: &#8220;Son $39 mil millones sin intereses y con intereses se llega a 150 mil millones&#8221;.<\/p>\n\n\n\n<p>El Gobierno de Corrientes no sede en su demanda por la deuda que la Administraci\u00f3n Nacional de la Seguridad Social (ANSES) mantiene con la caja previsional local, por recursos que debe girar mensualmente y que en los \u00faltimos ocho meses qued\u00f3 en cero.<\/p>\n\n\n\n<p>El propio Gustavo Vald\u00e9s fue a tratar el tema esta semana en la sede central de ANSES en la Ciudad Aut\u00f3noma de Buenos Aires. All\u00ed, el Gobernador correntino fue recibido por el director ejecutivo del organismo nacional, Mariano A. S. de los Heros.<\/p>\n\n\n\n<p>A su regreso a la provincia, Vald\u00e9s presidi\u00f3 el acto por el D\u00eda de la Polic\u00eda y luego fue entrevistado por la prensa local sobre diversos temas de agenda. Uno, obviamente, fue su incursi\u00f3n por las oficinas de CABA y en especial en ANSES central.<\/p>\n\n\n\n<p>&#8220;Estamos consolidando nuestros n\u00fameros y tenemos al d\u00eda de hoy que la deuda es de $39 mil millones sin intereses y con intereses se llega a 150 mil millones&#8221;, especific\u00f3 Vald\u00e9s.<\/p>\n\n\n\n<p>&#8220;En Buenos Aires nos reunimos con el director de ANSES y estamos tratando de tener n\u00fameros sobre n\u00fameros para ver c\u00f3mo podemos trabajar para que la provincia de Corrientes pueda recibir lo que realmente le corresponde&#8221;, se\u00f1al\u00f3 el Gobernador sobre esta nueva fase de negociaci\u00f3n; un espacio que se canaliz\u00f3 tras una buena sinton\u00eda con Naci\u00f3n tras la firma -hace un mes- del Pacto de Mayo.<\/p>\n\n\n\n<p>La varia veces millonaria deuda de ANSES con la Provincia tiene que ver con el financiamiento de las cajas previsionales que debe -por ley- cumplir Naci\u00f3n con una decena de ellas. Una es el Instituto de Previsi\u00f3n Social (IPS).<\/p>\n\n\n\n<p>Pero a esto se suma el hecho de que desde al menos diciembre \u00faltimo, cuando asumi\u00f3 el Gobierno de Javier Milei, ya directamente se fren\u00f3 el env\u00edo de fondos nacionales a la provincia.<\/p>\n\n\n\n<p>Los canales de negociaci\u00f3n entre Corrientes y ANSES se mantuvieron en el primer semestre del a\u00f1o en el \u00e1mbito administrativo. Ahora, tras el encuentro en persona de Vald\u00e9s con directivos del organismo nacional, las negociaciones directas se repotenciaron.<\/p>\n","protected":false},"excerpt":{"rendered":"<p>El Gobernador se refiri\u00f3 a la reuni\u00f3n que mantuvo en Buenos Aires con altos directivos del organismo nacional. &#8220;Estamos consolidando nuestros n\u00fameros&#8221;, dijo y especific\u00f3 los c\u00e1lculos correntinos: &#8220;Son $39&hellip; <\/p>\n","protected":false},"author":4,"featured_media":158406,"comment_status":"closed","ping_status":"open","sticky":false,"template":"","format":"standard","meta":{"footnotes":""},"categories":[8],"tags":[],"class_list":["post-158387","post","type-post","status-publish","format-standard","has-post-thumbnail","hentry","category-locales"],"_links":{"self":[{"href":"https:\/\/corrientesdetarde.com\/index.php\/wp-json\/wp\/v2\/posts\/158387","targetHints":{"allow":["GET"]}}],"collection":[{"href":"https:\/\/corrientesdetarde.com\/index.php\/wp-json\/wp\/v2\/posts"}],"about":[{"href":"https:\/\/corrientesdetarde.com\/index.php\/wp-json\/wp\/v2\/types\/post"}],"author":[{"embeddable":true,"href":"https:\/\/corrientesdetarde.com\/index.php\/wp-json\/wp\/v2\/users\/4"}],"replies":[{"embeddable":true,"href":"https:\/\/corrientesdetarde.com\/index.php\/wp-json\/wp\/v2\/comments?post=158387"}],"version-history":[{"count":1,"href":"https:\/\/corrientesdetarde.com\/index.php\/wp-json\/wp\/v2\/posts\/158387\/revisions"}],"predecessor-version":[{"id":158407,"href":"https:\/\/corrientesdetarde.com\/index.php\/wp-json\/wp\/v2\/posts\/158387\/revisions\/158407"}],"wp:featuredmedia":[{"embeddable":true,"href":"https:\/\/corrientesdetarde.com\/index.php\/wp-json\/wp\/v2\/media\/158406"}],"wp:attachment":[{"href":"https:\/\/corrientesdetarde.com\/index.php\/wp-json\/wp\/v2\/media?parent=158387"}],"wp:term":[{"taxonomy":"category","embeddable":true,"href":"https:\/\/corrientesdetarde.com\/index.php\/wp-json\/wp\/v2\/categories?post=158387"},{"taxonomy":"post_tag","embeddable":true,"href":"https:\/\/corrientesdetarde.com\/index.php\/wp-json\/wp\/v2\/tags?post=158387"}],"curies":[{"name":"wp","href":"https:\/\/api.w.org\/{rel}","templated":true}]}}