{"id":158403,"date":"2024-08-11T08:56:11","date_gmt":"2024-08-11T11:56:11","guid":{"rendered":"https:\/\/corrientesdetarde.com\/?p=158403"},"modified":"2024-08-11T08:56:15","modified_gmt":"2024-08-11T11:56:15","slug":"milei-y-caputo-se-veran-con-empresarios-en-el-council-de-las-americas","status":"publish","type":"post","link":"https:\/\/corrientesdetarde.com\/index.php\/politica\/milei-y-caputo-se-veran-con-empresarios-en-el-council-de-las-americas\/","title":{"rendered":"Milei y Caputo se ver\u00e1n con empresarios en el Council de las Am\u00e9ricas"},"content":{"rendered":"\n<p>Tambi\u00e9n asistir\u00e1n Francos, Mondino, Bullrich, Sturzenegger, Jorge Macri y gobernadores.<\/p>\n\n\n\n<p>El presidente&nbsp;<strong>Javier Milei ser\u00e1 el principal orador esta semana de la edici\u00f3n anual del Council de las Am\u00e9ricas,<\/strong>&nbsp;que tendr\u00e1 lugar en un hotel porte\u00f1o y de la cual tambi\u00e9n participar\u00e1n ministros de su gobierno y mandatarios provinciales.<\/p>\n\n\n\n<p>En los \u00faltimos d\u00edas se confirm\u00f3 la asistencia del jefe de Estado, quien tendr\u00e1 un rol protag\u00f3nico en el encuentro empresario de 2024.<\/p>\n\n\n\n<p>Entre los asistentes tambi\u00e9n estar\u00e1n el ministro de Econom\u00eda,&nbsp;<strong>Luis Caputo<\/strong>; el jefe de Gabinete,&nbsp;<strong>Guillermo Francos<\/strong>; el ministro de Desregulaci\u00f3n y Transformaci\u00f3n del Estado de la Naci\u00f3n,&nbsp;<br><strong>Federico Sturzenegger<\/strong>; la canciller&nbsp;<strong>Diana Mondino<\/strong>; y la ministra de Seguridad,&nbsp;<strong>Patricia Bullrich.<\/strong><\/p>\n\n\n\n<p>Los funcionarios del gobierno de La Libertad Avanza (LLA) disertar\u00e1n junto a empresarios para analizar la&nbsp;<strong>coyuntura y las perspectivas del pa\u00eds y la regi\u00f3n&nbsp;<\/strong>para el corto y mediano plazo.<\/p>\n\n\n\n<p>El Council de las Am\u00e9rcias tendr\u00e1 lugar este mi\u00e9rcoles 14 de agosto en el Alvear Palace Hotel de la Ciudad de Buenos Aires, a partir de las 8.30.<\/p>\n\n\n\n<p>La conferencia es organizada en el pa\u00eds por el&nbsp;<strong>Americas Society\/Council of the Americas (AS\/COA)<\/strong>&nbsp;en asociaci\u00f3n con la&nbsp;<strong>C\u00e1mara Argentina de Comercio y Servicios (CAC).<\/strong><\/p>\n\n\n\n<p>Junto a los funcionarios nacionales, estar\u00e1n presentes en el evento la presidenta y CEO de AS\/COA,&nbsp;<strong>Susan Segal<\/strong>, y el presidente de la CAC,&nbsp;<strong>Natalio Mario Grinman.<\/strong><\/p>\n\n\n\n<p>Tambi\u00e9n ser\u00e1n protagonistas de la jornada el jefe de Gobierno de la Ciudad,&nbsp;<strong>Jorge Macri<\/strong>; el gobernador de Chubut,&nbsp;<strong>Ignacio Torres<\/strong>; el gobernador de Jujuy,&nbsp;<strong>Carlos Sadir<\/strong>; el gobernador de&nbsp;<br>Neuqu\u00e9n, Rolando Figueroa; y el gobernador de Mendoza,<strong>&nbsp;Alfredo Cornejo.<\/strong><\/p>\n\n\n\n<p>Adem\u00e1s habr\u00e1 lugar para una conversaci\u00f3n sobre inteligencia artificial con exponentes de las principales empresas internacionales del rubro, y una charla de Sergio D\u00edaz Granados, presidente ejecutivo del CAF 2 (Banco de Desarrollo de Am\u00e9rica Latina y el Caribe).<\/p>\n","protected":false},"excerpt":{"rendered":"<p>Tambi\u00e9n asistir\u00e1n Francos, Mondino, Bullrich, Sturzenegger, Jorge Macri y gobernadores. El presidente&nbsp;Javier Milei ser\u00e1 el principal orador esta semana de la edici\u00f3n anual del Council de las Am\u00e9ricas,&nbsp;que tendr\u00e1 lugar&hellip; <\/p>\n","protected":false},"author":4,"featured_media":158404,"comment_status":"closed","ping_status":"open","sticky":false,"template":"","format":"standard","meta":{"footnotes":""},"categories":[3],"tags":[],"class_list":["post-158403","post","type-post","status-publish","format-standard","has-post-thumbnail","hentry","category-politica"],"_links":{"self":[{"href":"https:\/\/corrientesdetarde.com\/index.php\/wp-json\/wp\/v2\/posts\/158403","targetHints":{"allow":["GET"]}}],"collection":[{"href":"https:\/\/corrientesdetarde.com\/index.php\/wp-json\/wp\/v2\/posts"}],"about":[{"href":"https:\/\/corrientesdetarde.com\/index.php\/wp-json\/wp\/v2\/types\/post"}],"author":[{"embeddable":true,"href":"https:\/\/corrientesdetarde.com\/index.php\/wp-json\/wp\/v2\/users\/4"}],"replies":[{"embeddable":true,"href":"https:\/\/corrientesdetarde.com\/index.php\/wp-json\/wp\/v2\/comments?post=158403"}],"version-history":[{"count":1,"href":"https:\/\/corrientesdetarde.com\/index.php\/wp-json\/wp\/v2\/posts\/158403\/revisions"}],"predecessor-version":[{"id":158405,"href":"https:\/\/corrientesdetarde.com\/index.php\/wp-json\/wp\/v2\/posts\/158403\/revisions\/158405"}],"wp:featuredmedia":[{"embeddable":true,"href":"https:\/\/corrientesdetarde.com\/index.php\/wp-json\/wp\/v2\/media\/158404"}],"wp:attachment":[{"href":"https:\/\/corrientesdetarde.com\/index.php\/wp-json\/wp\/v2\/media?parent=158403"}],"wp:term":[{"taxonomy":"category","embeddable":true,"href":"https:\/\/corrientesdetarde.com\/index.php\/wp-json\/wp\/v2\/categories?post=158403"},{"taxonomy":"post_tag","embeddable":true,"href":"https:\/\/corrientesdetarde.com\/index.php\/wp-json\/wp\/v2\/tags?post=158403"}],"curies":[{"name":"wp","href":"https:\/\/api.w.org\/{rel}","templated":true}]}}