{"id":158438,"date":"2024-08-11T10:44:13","date_gmt":"2024-08-11T13:44:13","guid":{"rendered":"https:\/\/corrientesdetarde.com\/?p=158438"},"modified":"2024-08-11T10:44:17","modified_gmt":"2024-08-11T13:44:17","slug":"villarruel-vs-karina-milei-quien-gana-la-pulseada-en-las-redes","status":"publish","type":"post","link":"https:\/\/corrientesdetarde.com\/index.php\/politica\/villarruel-vs-karina-milei-quien-gana-la-pulseada-en-las-redes\/","title":{"rendered":"Villarruel vs Karina Milei: \u00bfQui\u00e9n gana la pulseada en las redes?"},"content":{"rendered":"\n<p>La disputa por el poder libertario entre menciones, likes y conversaciones digitales.<\/p>\n\n\n\n<p>La vicepresidenta&nbsp;<strong>Victoria Villarruel<\/strong>&nbsp;y la secretaria general de la Presidencia,<strong>&nbsp;Karina Milei<\/strong>, son&nbsp;<strong>las mujeres m\u00e1s poderosas del gobierno<\/strong>&nbsp;del mandatario Javier Milei, con estilos bien distintos, en medio de la disputa abierta entre la Casa Rosada y el Senado.<\/p>\n\n\n\n<p>Cada una en su \u00e1mbito es l\u00edder y figura respetada dentro del armado de La Libertad Avanza (LLA), m\u00e1s all\u00e1 de la que la hermana del Presidente es por estas horas una pieza clave en la estructura del Poder Ejecutivo.<\/p>\n\n\n\n<p><strong>&#8220;Karina es un mujer muy inteligente y su palabra vale como la del Presidente&#8221;<\/strong>, grafican en el entorno del mandatario nacional sobre la hermana de Milei. &nbsp;&nbsp;<\/p>\n\n\n\n<p>No pueden decir lo mismo de Villarruel, a la que&nbsp;<strong>muchos en Casa Rosada critican porque &#8220;se corta sola&#8221;&nbsp;<\/strong>y tiene una agenda que no es la del Presidente.<\/p>\n\n\n\n<p>Tras constantes chispazos desde que llegaron al gobierno el pasado 10 de diciembre, hoy por hoy pr\u00e1cticamente&nbsp;<strong>no hay di\u00e1logo entre Balcarce 50 y las oficinas de Villarruel&nbsp;<\/strong>en la C\u00e1mara de Senadores.<\/p>\n\n\n\n<p><strong>Esa disputa<\/strong>\u00a0por momentos silenciosa y por otros m\u00e1s sonora que se da a nivel pol\u00edtico<strong>\u00a0tambi\u00e9n se reedita en las redes sociales,<\/strong>\u00a0donde ambas buscan protagonismo, teniendo en cuenta que es el \u00e1mbito por excelencia elegido por los libertarios.<\/p>\n\n\n\n<figure class=\"wp-block-image size-full\"><img loading=\"lazy\" decoding=\"async\" width=\"783\" height=\"474\" src=\"https:\/\/corrientesdetarde.com\/wp-content\/uploads\/2024\/08\/image-337.png\" alt=\"\" class=\"wp-image-158439\" srcset=\"https:\/\/corrientesdetarde.com\/wp-content\/uploads\/2024\/08\/image-337.png 783w, https:\/\/corrientesdetarde.com\/wp-content\/uploads\/2024\/08\/image-337-300x182.png 300w, https:\/\/corrientesdetarde.com\/wp-content\/uploads\/2024\/08\/image-337-768x465.png 768w\" sizes=\"auto, (max-width: 783px) 100vw, 783px\" \/><\/figure>\n\n\n\n<p>De acuerdo al informe de conversaciones digitales de la consultora&nbsp;<strong>Ad hoc<\/strong>, la titular del Senado es la mejor posicionada y quien se queda con una victoria en este&nbsp;<strong>duelo virtual.<\/strong><\/p>\n\n\n\n<p><strong>&#8220;La vicepresidenta logr\u00f3 marcar su agenda propia y tener mayor cantidad de interacciones en redes, mayormente marcando su nacionalismo y su referencia a s\u00edmbolos patrios. Eso despert\u00f3 mayor positividad de la que recibi\u00f3 Karina Milei&#8221;,&nbsp;<\/strong>indic\u00f3 la muestra realizada en base a datos de redes sociales entre el 1 y el 31 de julio.<\/p>\n\n\n\n<p><strong>&#8220;El evento digital m\u00e1s relevante para ambas fue en el que se habl\u00f3 de la disputa entre ellas&#8221;,<\/strong>&nbsp;dijo el informe, en referencia al respaldo que Villarruel le dio a la Selecci\u00f3n argentina de f\u00fatbol tras la&nbsp;<strong>Copa Am\u00e9rica<\/strong>&nbsp;con cr\u00edticas a Francia.<\/p>\n\n\n\n<p>Esos dichos fueron rechazados por la secretaria general de la Presidencia, que visit\u00f3 la Embajada de ese pa\u00eds para pedir disculpas en nombre del Gobierno por el episodio.<\/p>\n\n\n\n<figure class=\"wp-block-embed is-type-rich is-provider-twitter wp-block-embed-twitter\"><div class=\"wp-block-embed__wrapper\">\n<blockquote class=\"twitter-tweet\" data-width=\"550\" data-dnt=\"true\"><p lang=\"es\" dir=\"ltr\">\ud83d\udea8 Nuestro informe de conversaciones digitales sale con todo!<br><br>\ud83d\udcb8 Crecen las menciones digitales a temas econ\u00f3micos y el gobierno corre de atr\u00e1s.<br>\ud83d\udd34 Imagen digital de <a href=\"https:\/\/twitter.com\/hashtag\/Milei?src=hash&amp;ref_src=twsrc%5Etfw\">#Milei<\/a>: la agenda internacional no alcanza.<br>\ud83e\udd4aVictoria vs Karina: \u00bfQui\u00e9n gana en redes?<br><br>Esto y m\u00e1s, ac\u00e1! \ud83e\uddf5\ud83d\udc47 <a href=\"https:\/\/t.co\/XtC2qlHmVM\">pic.twitter.com\/XtC2qlHmVM<\/a><\/p>&mdash; Ad Hoc (@AdHocOK) <a href=\"https:\/\/twitter.com\/AdHocOK\/status\/1821618304521523607?ref_src=twsrc%5Etfw\">August 8, 2024<\/a><\/blockquote><script async src=\"https:\/\/platform.twitter.com\/widgets.js\" charset=\"utf-8\"><\/script>\n<\/div><\/figure>\n\n\n\n<p>En ese momento, cuando se dispararon las menciones de las dos, la que tuvo mayor repercusi\u00f3n fue&nbsp;<strong>Villarruel con un 71% de sentimientos positivos,<\/strong>&nbsp;15% de neutros y&nbsp;<strong>14% de negativos,<\/strong>&nbsp;adem\u00e1s de picos de m\u00e1s de 160.000 menciones.<\/p>\n\n\n\n<p><strong>Karina Milei recolect\u00f3 un 45% de sentimientos positivos, 41% de negativos<\/strong>&nbsp;y 14% de neutros, con picos de 50.000 menciones.<\/p>\n\n\n\n<p>Adem\u00e1s, el informe de Ad hoc se\u00f1al\u00f3 que durante esa situaci\u00f3n, Villarruel obtuvo 337.000 likes en una publicaci\u00f3n de Instagram, superando los 4.200 de la funcionaria nacional.<\/p>\n","protected":false},"excerpt":{"rendered":"<p>La disputa por el poder libertario entre menciones, likes y conversaciones digitales. La vicepresidenta&nbsp;Victoria Villarruel&nbsp;y la secretaria general de la Presidencia,&nbsp;Karina Milei, son&nbsp;las mujeres m\u00e1s poderosas del gobierno&nbsp;del mandatario Javier&hellip; <\/p>\n","protected":false},"author":4,"featured_media":158440,"comment_status":"closed","ping_status":"open","sticky":false,"template":"","format":"standard","meta":{"footnotes":""},"categories":[3],"tags":[],"class_list":["post-158438","post","type-post","status-publish","format-standard","has-post-thumbnail","hentry","category-politica"],"_links":{"self":[{"href":"https:\/\/corrientesdetarde.com\/index.php\/wp-json\/wp\/v2\/posts\/158438","targetHints":{"allow":["GET"]}}],"collection":[{"href":"https:\/\/corrientesdetarde.com\/index.php\/wp-json\/wp\/v2\/posts"}],"about":[{"href":"https:\/\/corrientesdetarde.com\/index.php\/wp-json\/wp\/v2\/types\/post"}],"author":[{"embeddable":true,"href":"https:\/\/corrientesdetarde.com\/index.php\/wp-json\/wp\/v2\/users\/4"}],"replies":[{"embeddable":true,"href":"https:\/\/corrientesdetarde.com\/index.php\/wp-json\/wp\/v2\/comments?post=158438"}],"version-history":[{"count":1,"href":"https:\/\/corrientesdetarde.com\/index.php\/wp-json\/wp\/v2\/posts\/158438\/revisions"}],"predecessor-version":[{"id":158441,"href":"https:\/\/corrientesdetarde.com\/index.php\/wp-json\/wp\/v2\/posts\/158438\/revisions\/158441"}],"wp:featuredmedia":[{"embeddable":true,"href":"https:\/\/corrientesdetarde.com\/index.php\/wp-json\/wp\/v2\/media\/158440"}],"wp:attachment":[{"href":"https:\/\/corrientesdetarde.com\/index.php\/wp-json\/wp\/v2\/media?parent=158438"}],"wp:term":[{"taxonomy":"category","embeddable":true,"href":"https:\/\/corrientesdetarde.com\/index.php\/wp-json\/wp\/v2\/categories?post=158438"},{"taxonomy":"post_tag","embeddable":true,"href":"https:\/\/corrientesdetarde.com\/index.php\/wp-json\/wp\/v2\/tags?post=158438"}],"curies":[{"name":"wp","href":"https:\/\/api.w.org\/{rel}","templated":true}]}}