{"id":158442,"date":"2024-08-11T10:45:24","date_gmt":"2024-08-11T13:45:24","guid":{"rendered":"https:\/\/corrientesdetarde.com\/?p=158442"},"modified":"2024-08-11T10:45:27","modified_gmt":"2024-08-11T13:45:27","slug":"el-inesperado-contraataque-de-alberto-fernandez-contra-fabiola-yanez","status":"publish","type":"post","link":"https:\/\/corrientesdetarde.com\/index.php\/politica\/el-inesperado-contraataque-de-alberto-fernandez-contra-fabiola-yanez\/","title":{"rendered":"El inesperado \u2018contraataque\u2019 de Alberto Fern\u00e1ndez contra Fabiola Y\u00e1\u00f1ez"},"content":{"rendered":"\n<p>Seg\u00fan escribi\u00f3 Horacio Verbitsky en su web, Alberto Fern\u00e1ndez argument\u00f3 que los hematomas se deben a cirug\u00eda est\u00e9tica. Tambi\u00e9n involucra a Dora Barrancos y otras figuras. Las conversaciones con la madre de Fabiola.<\/p>\n\n\n\n<p>En medio de un esc\u00e1ndalo medi\u00e1tico y judicial, el ex presidente&nbsp;<strong>Alberto Fern\u00e1ndez<\/strong>&nbsp;rompi\u00f3 el silencio respecto a las acusaciones de violencia de g\u00e9nero que su ex pareja,<strong>&nbsp;Fabiola Y\u00e1\u00f1ez, ha formulado en su contra<\/strong>. En una entrevista con&nbsp;<mark><strong>Horacio Verbitsky<\/strong><\/mark>, F<strong>ern\u00e1ndez neg\u00f3 rotundamente haber agredido f\u00edsicamente a Y\u00e1\u00f1ez<\/strong>, alegando que las marcas en el rostro de la ex primera dama se&nbsp;<mark>deben a un tratamiento est\u00e9tico y no a un golpe, como ella asegura.<\/mark><\/p>\n\n\n\n<h3 class=\"wp-block-heading\">La defensa de Fern\u00e1ndez<\/h3>\n\n\n\n<p><strong>Fern\u00e1ndez, en una conversaci\u00f3n con Verbitsky<\/strong>, sostuvo que las im\u00e1genes que muestran a&nbsp;<strong>Y\u00e1\u00f1ez con un ojo morado son el resultado de una reacci\u00f3n a un tratamiento est\u00e9tico y no de una agresi\u00f3n f\u00edsica<\/strong>.<strong>&nbsp;El ex mandatario afirm\u00f3 que su ex pareja se someti\u00f3 a un procedimiento para atenuar arrugas, lo cual, seg\u00fan \u00e9l, podr\u00eda haber ocasionado el hematoma visible en las fotograf\u00edas que han sido ampliamente difundidas por los medios.<\/strong><\/p>\n\n\n\n<h3 class=\"wp-block-heading\">Fern\u00e1ndez explic\u00f3 a Verbitsky que tiene chats con la madre de Y\u00e1\u00f1ez:<\/h3>\n\n\n\n<p><em>\u2014Si soy un golpeador, \u00bfpor qu\u00e9 se someti\u00f3 a un tratamiento de fertilidad para que tuvi\u00e9ramos un hijo?<\/em><\/p>\n\n\n\n<p><em>\u2014\u00bfPor qu\u00e9 no hay un solo testimonio de alguien a quien ella le hubiera contado del alegado maltrato?<\/em><\/p>\n\n\n\n<p><em>\u2014Viv\u00ed 17 a\u00f1os con Marcela Luchetti (la madre de su hijo Tani) y 10 con Vilma Ibarra, y no hay un solo episodio de que yo las haya agredido.<\/em><\/p>\n\n\n\n<h3 class=\"wp-block-heading\"><br>Fern\u00e1ndez hace trascender un supuesto chat de Dora Barrancos<\/h3>\n\n\n\n<p>En medio de acusaciones, la soci\u00f3loga y referente feminista&nbsp;<strong>Dora Barrancos,<\/strong>&nbsp;seg\u00fan Alberto Fern\u00e1ndez,<strong>&nbsp;habr\u00eda realizado un comentario a colegas. Barrancos, quien ha sido cercana al ex presidente<\/strong>, supuestamente asegur\u00f3 en un chat privado que tiene pruebas de que Fern\u00e1ndez nunca agredi\u00f3 f\u00edsicamente a Y\u00e1\u00f1ez. Verbitsky public\u00f3 en su web una nota y reproduce el texto adjudicado a Barrancos:&nbsp;<em>\u201cEstoy en condiciones de asegurar fehacientemente que nunca A.F. agredi\u00f3 f\u00edsicamente a Fabiola. Ella arrastra una compleja situaci\u00f3n ps\u00edquica, a lo que se uni\u00f3 su adicci\u00f3n alcoh\u00f3lica\u201d<\/em>.<\/p>\n\n\n\n<p><strong>La soci\u00f3loga tambi\u00e9n destac\u00f3 que, en su opini\u00f3n, Fern\u00e1ndez<\/strong>&nbsp;fue incapaz de romper un v\u00ednculo que describi\u00f3 como t\u00f3xico, y critic\u00f3 el uso del caso por parte de algunos sectores como un ataque pol\u00edtico en contra del ex presidente y su entorno.<\/p>\n\n\n\n<h3 class=\"wp-block-heading\">Una batalla en los tribunales<\/h3>\n\n\n\n<p>Mientras tanto, la causa judicial contin\u00faa avanzando. El fiscal&nbsp;<strong>Carlos R\u00edvolo y el juez Juli\u00e1n Ercolini&nbsp;<\/strong>llevan adelante la investigaci\u00f3n, que se centra en determinar si las lesiones que presenta Y\u00e1\u00f1ez fueron producto de una agresi\u00f3n f\u00edsica por parte de Fern\u00e1ndez, un delito que podr\u00eda tener una pena m\u00e1xima de dos a\u00f1os de prisi\u00f3n.<strong>&nbsp;Por su parte, Fern\u00e1ndez ha solicitado que el caso sea trasladado al juzgado federal de San Isidro, argumentando que hay un sesgo pol\u00edtico en el proceso.<\/strong><\/p>\n","protected":false},"excerpt":{"rendered":"<p>Seg\u00fan escribi\u00f3 Horacio Verbitsky en su web, Alberto Fern\u00e1ndez argument\u00f3 que los hematomas se deben a cirug\u00eda est\u00e9tica. Tambi\u00e9n involucra a Dora Barrancos y otras figuras. Las conversaciones con la&hellip; <\/p>\n","protected":false},"author":4,"featured_media":158443,"comment_status":"closed","ping_status":"open","sticky":false,"template":"","format":"standard","meta":{"footnotes":""},"categories":[3],"tags":[],"class_list":["post-158442","post","type-post","status-publish","format-standard","has-post-thumbnail","hentry","category-politica"],"_links":{"self":[{"href":"https:\/\/corrientesdetarde.com\/index.php\/wp-json\/wp\/v2\/posts\/158442","targetHints":{"allow":["GET"]}}],"collection":[{"href":"https:\/\/corrientesdetarde.com\/index.php\/wp-json\/wp\/v2\/posts"}],"about":[{"href":"https:\/\/corrientesdetarde.com\/index.php\/wp-json\/wp\/v2\/types\/post"}],"author":[{"embeddable":true,"href":"https:\/\/corrientesdetarde.com\/index.php\/wp-json\/wp\/v2\/users\/4"}],"replies":[{"embeddable":true,"href":"https:\/\/corrientesdetarde.com\/index.php\/wp-json\/wp\/v2\/comments?post=158442"}],"version-history":[{"count":1,"href":"https:\/\/corrientesdetarde.com\/index.php\/wp-json\/wp\/v2\/posts\/158442\/revisions"}],"predecessor-version":[{"id":158444,"href":"https:\/\/corrientesdetarde.com\/index.php\/wp-json\/wp\/v2\/posts\/158442\/revisions\/158444"}],"wp:featuredmedia":[{"embeddable":true,"href":"https:\/\/corrientesdetarde.com\/index.php\/wp-json\/wp\/v2\/media\/158443"}],"wp:attachment":[{"href":"https:\/\/corrientesdetarde.com\/index.php\/wp-json\/wp\/v2\/media?parent=158442"}],"wp:term":[{"taxonomy":"category","embeddable":true,"href":"https:\/\/corrientesdetarde.com\/index.php\/wp-json\/wp\/v2\/categories?post=158442"},{"taxonomy":"post_tag","embeddable":true,"href":"https:\/\/corrientesdetarde.com\/index.php\/wp-json\/wp\/v2\/tags?post=158442"}],"curies":[{"name":"wp","href":"https:\/\/api.w.org\/{rel}","templated":true}]}}