{"id":158448,"date":"2024-08-11T10:55:31","date_gmt":"2024-08-11T13:55:31","guid":{"rendered":"https:\/\/corrientesdetarde.com\/?p=158448"},"modified":"2024-08-11T10:55:42","modified_gmt":"2024-08-11T13:55:42","slug":"francos-sobre-los-diputados-libertarios-que-visitaron-a-genocidas-yo-no-lo-hubiera-hecho","status":"publish","type":"post","link":"https:\/\/corrientesdetarde.com\/index.php\/politica\/francos-sobre-los-diputados-libertarios-que-visitaron-a-genocidas-yo-no-lo-hubiera-hecho\/","title":{"rendered":"Francos, sobre los diputados libertarios que visitaron a genocidas: &#8220;Yo no lo hubiera hecho&#8221;"},"content":{"rendered":"\n<p>El jefe de Gabinete sostuvo que la reuni\u00f3n con represores no fue una &#8220;decisi\u00f3n partidaria&#8221; y que los legisladores involucrados &#8220;tiene que dar respuesta&#8221;.<\/p>\n\n\n\n<p>El jefe de Gabinete,<strong>&nbsp;Guillermo Francos,&nbsp;<\/strong>asegur\u00f3 hoy que los diputados libertarios que visitaron a&nbsp;<br>genocidas presos tienen que<strong>&nbsp;&#8220;dar respuesta&#8221;&nbsp;<\/strong>por sus actos porque fueron &#8220;votados por el pueblo&#8221;.<\/p>\n\n\n\n<p><strong>&#8220;Si me preguntan a m\u00ed, yo no lo hubiera hecho&#8221;, afirm\u00f3 Francos&nbsp;<\/strong>en declaraciones radiales luego de que se conociera que un grupo de legisladores de La Libertad Avanza (LLA) se reunieron con represores.&nbsp;<\/p>\n\n\n\n<p>En esa l\u00ednea, el ministro coordinador sostuvo: &#8220;<strong>Esto no fue una decisi\u00f3n partidaria, sino una decisi\u00f3n independiente de algunos legisladores que fueron votados por el pueblo. Son ellos los que tienen que dar respuesta&#8221;.&nbsp;<\/strong><\/p>\n\n\n\n<p>&#8220;Me hizo ruido. Quienes ejercen responsabilidades pol\u00edticas&nbsp;tienen que ser muy prudentes en las medidas que toman porque se&nbsp;pueden interpretar err\u00f3neamente&#8221;, consider\u00f3 Francos.&nbsp;<\/p>\n\n\n\n<p>El jefe de Gabinete se manifest\u00f3 de esta manera luego de que la&nbsp;diputada nacional de LLA,&nbsp;<strong>Lourdes Arrieta&nbsp;<\/strong>junto a sus compa\u00f1eros de&nbsp;bloque<strong>&nbsp;Beltr\u00e1n B\u00e9nedit, Mar\u00eda Fernanda Araujo, Guillermo Montenegro&nbsp;y Alida Ferreyra<\/strong>&nbsp;participaron de un encuentro con genocidas presos.&nbsp;<\/p>\n","protected":false},"excerpt":{"rendered":"<p>El jefe de Gabinete sostuvo que la reuni\u00f3n con represores no fue una &#8220;decisi\u00f3n partidaria&#8221; y que los legisladores involucrados &#8220;tiene que dar respuesta&#8221;. El jefe de Gabinete,&nbsp;Guillermo Francos,&nbsp;asegur\u00f3 hoy&hellip; <\/p>\n","protected":false},"author":4,"featured_media":158449,"comment_status":"closed","ping_status":"open","sticky":false,"template":"","format":"standard","meta":{"footnotes":""},"categories":[3],"tags":[],"class_list":["post-158448","post","type-post","status-publish","format-standard","has-post-thumbnail","hentry","category-politica"],"_links":{"self":[{"href":"https:\/\/corrientesdetarde.com\/index.php\/wp-json\/wp\/v2\/posts\/158448","targetHints":{"allow":["GET"]}}],"collection":[{"href":"https:\/\/corrientesdetarde.com\/index.php\/wp-json\/wp\/v2\/posts"}],"about":[{"href":"https:\/\/corrientesdetarde.com\/index.php\/wp-json\/wp\/v2\/types\/post"}],"author":[{"embeddable":true,"href":"https:\/\/corrientesdetarde.com\/index.php\/wp-json\/wp\/v2\/users\/4"}],"replies":[{"embeddable":true,"href":"https:\/\/corrientesdetarde.com\/index.php\/wp-json\/wp\/v2\/comments?post=158448"}],"version-history":[{"count":1,"href":"https:\/\/corrientesdetarde.com\/index.php\/wp-json\/wp\/v2\/posts\/158448\/revisions"}],"predecessor-version":[{"id":158450,"href":"https:\/\/corrientesdetarde.com\/index.php\/wp-json\/wp\/v2\/posts\/158448\/revisions\/158450"}],"wp:featuredmedia":[{"embeddable":true,"href":"https:\/\/corrientesdetarde.com\/index.php\/wp-json\/wp\/v2\/media\/158449"}],"wp:attachment":[{"href":"https:\/\/corrientesdetarde.com\/index.php\/wp-json\/wp\/v2\/media?parent=158448"}],"wp:term":[{"taxonomy":"category","embeddable":true,"href":"https:\/\/corrientesdetarde.com\/index.php\/wp-json\/wp\/v2\/categories?post=158448"},{"taxonomy":"post_tag","embeddable":true,"href":"https:\/\/corrientesdetarde.com\/index.php\/wp-json\/wp\/v2\/tags?post=158448"}],"curies":[{"name":"wp","href":"https:\/\/api.w.org\/{rel}","templated":true}]}}