{"id":158451,"date":"2024-08-11T11:00:25","date_gmt":"2024-08-11T14:00:25","guid":{"rendered":"https:\/\/corrientesdetarde.com\/?p=158451"},"modified":"2024-08-11T11:00:30","modified_gmt":"2024-08-11T14:00:30","slug":"presidente-del-coi-aviso-que-no-buscara-un-tercer-mandato","status":"publish","type":"post","link":"https:\/\/corrientesdetarde.com\/index.php\/deportes\/presidente-del-coi-aviso-que-no-buscara-un-tercer-mandato\/","title":{"rendered":"Presidente del COI avis\u00f3 que no buscar\u00e1 un tercer mandato"},"content":{"rendered":"\n<p>El alem\u00e1n Thomas Bach dijo que &#8220;Los nuevos tiempos requieren de nuevos l\u00edderes&#8221;.<\/p>\n\n\n\n<p>El presidente del Comit\u00e9 Ol\u00edmpico Internacional (COI), el alem\u00e1n&nbsp;<strong>Thomas Bach,&nbsp;<\/strong>anunci\u00f3 hoy s\u00e1bado que no buscar\u00e1 encabezar la organizaci\u00f3n por un tercer per\u00edodo.<\/p>\n\n\n\n<p><strong>&#8220;Los nuevos tiempos requieren de nuevos l\u00edderes&#8221;,<\/strong>&nbsp;dijo Bach a los miembros del COI en la clausura de la 142\u00aa Sesi\u00f3n de la entidad en Par\u00eds.<\/p>\n\n\n\n<p>El dirigente del COI -de 70 a\u00f1os- se\u00f1al\u00f3 que solicitar\u00e1 al Comit\u00e9 Ejecutivo que programe la elecci\u00f3n &#8220;para marzo de 2025, y el inicio del mandato del nuevo presidente (del COI) para el 24 de junio de 2025&#8221;.<\/p>\n\n\n\n<p>Esto con el fin de<strong>&nbsp;&#8220;garantizar una transici\u00f3n arm\u00f3nica, entregar el tim\u00f3n de nuestro barco a mi mejor sucesor posible, a quien ustedes elegir\u00e1n&#8221;<\/strong>, a\u00f1adi\u00f3.&nbsp;<\/p>\n\n\n\n<p>La pr\u00f3xima Sesi\u00f3n del COI est\u00e1 programada del 18 al 21 de marzo de 2025 en Atenas, Grecia.<\/p>\n","protected":false},"excerpt":{"rendered":"<p>El alem\u00e1n Thomas Bach dijo que &#8220;Los nuevos tiempos requieren de nuevos l\u00edderes&#8221;. El presidente del Comit\u00e9 Ol\u00edmpico Internacional (COI), el alem\u00e1n&nbsp;Thomas Bach,&nbsp;anunci\u00f3 hoy s\u00e1bado que no buscar\u00e1 encabezar la&hellip; <\/p>\n","protected":false},"author":4,"featured_media":158452,"comment_status":"closed","ping_status":"open","sticky":false,"template":"","format":"standard","meta":{"footnotes":""},"categories":[4],"tags":[],"class_list":["post-158451","post","type-post","status-publish","format-standard","has-post-thumbnail","hentry","category-deportes"],"_links":{"self":[{"href":"https:\/\/corrientesdetarde.com\/index.php\/wp-json\/wp\/v2\/posts\/158451","targetHints":{"allow":["GET"]}}],"collection":[{"href":"https:\/\/corrientesdetarde.com\/index.php\/wp-json\/wp\/v2\/posts"}],"about":[{"href":"https:\/\/corrientesdetarde.com\/index.php\/wp-json\/wp\/v2\/types\/post"}],"author":[{"embeddable":true,"href":"https:\/\/corrientesdetarde.com\/index.php\/wp-json\/wp\/v2\/users\/4"}],"replies":[{"embeddable":true,"href":"https:\/\/corrientesdetarde.com\/index.php\/wp-json\/wp\/v2\/comments?post=158451"}],"version-history":[{"count":1,"href":"https:\/\/corrientesdetarde.com\/index.php\/wp-json\/wp\/v2\/posts\/158451\/revisions"}],"predecessor-version":[{"id":158453,"href":"https:\/\/corrientesdetarde.com\/index.php\/wp-json\/wp\/v2\/posts\/158451\/revisions\/158453"}],"wp:featuredmedia":[{"embeddable":true,"href":"https:\/\/corrientesdetarde.com\/index.php\/wp-json\/wp\/v2\/media\/158452"}],"wp:attachment":[{"href":"https:\/\/corrientesdetarde.com\/index.php\/wp-json\/wp\/v2\/media?parent=158451"}],"wp:term":[{"taxonomy":"category","embeddable":true,"href":"https:\/\/corrientesdetarde.com\/index.php\/wp-json\/wp\/v2\/categories?post=158451"},{"taxonomy":"post_tag","embeddable":true,"href":"https:\/\/corrientesdetarde.com\/index.php\/wp-json\/wp\/v2\/tags?post=158451"}],"curies":[{"name":"wp","href":"https:\/\/api.w.org\/{rel}","templated":true}]}}