{"id":158466,"date":"2024-08-11T18:14:49","date_gmt":"2024-08-11T21:14:49","guid":{"rendered":"https:\/\/corrientesdetarde.com\/?p=158466"},"modified":"2024-08-11T18:14:53","modified_gmt":"2024-08-11T21:14:53","slug":"una-mujer-termino-con-herida-de-bala-en-una-rina","status":"publish","type":"post","link":"https:\/\/corrientesdetarde.com\/index.php\/policiales\/una-mujer-termino-con-herida-de-bala-en-una-rina\/","title":{"rendered":"Una mujer termin\u00f3 con herida de bala en una ri\u00f1a."},"content":{"rendered":"\n<h2 class=\"wp-block-heading\">La informaci\u00f3n policial da cuenta de que una mujer de 22 a\u00f1os fue llevada al Hospital Escuela con una herida de bala. Aparentemente, habr\u00eda participado de una discusi\u00f3n con otra de 32, quien fue demorada. <\/h2>\n\n\n\n<p>Polic\u00edas de la Comisar\u00eda 20\u00ba de Corrientes Capital intervinieron en un incidente sucedido en la noche del viernes en una zona conocida como \u201cQuinta de Nano\u201d en el asentamiento del Barrio Pirayu\u00ed.<\/p>\n\n\n\n<p>Una joven mujer de 22 a\u00f1os protagoniz\u00f3 alguna clase de incidente o ri\u00f1a vecinal y result\u00f3 con lesiones de car\u00e1cter leves, compatibles con un disparo de un arma de fuego. Por esta raz\u00f3n, fue atendida en el Hospital Escuela.<\/p>\n\n\n\n<p>Al respecto, se dio intervenci\u00f3n a la Unidad Fiscal en turno, que orden\u00f3 la demora de una mujer de 32 a\u00f1os.<\/p>\n","protected":false},"excerpt":{"rendered":"<p>La informaci\u00f3n policial da cuenta de que una mujer de 22 a\u00f1os fue llevada al Hospital Escuela con una herida de bala. Aparentemente, habr\u00eda participado de una discusi\u00f3n con otra&hellip; <\/p>\n","protected":false},"author":6,"featured_media":158467,"comment_status":"closed","ping_status":"open","sticky":false,"template":"","format":"standard","meta":{"footnotes":""},"categories":[33],"tags":[],"class_list":["post-158466","post","type-post","status-publish","format-standard","has-post-thumbnail","hentry","category-policiales"],"_links":{"self":[{"href":"https:\/\/corrientesdetarde.com\/index.php\/wp-json\/wp\/v2\/posts\/158466","targetHints":{"allow":["GET"]}}],"collection":[{"href":"https:\/\/corrientesdetarde.com\/index.php\/wp-json\/wp\/v2\/posts"}],"about":[{"href":"https:\/\/corrientesdetarde.com\/index.php\/wp-json\/wp\/v2\/types\/post"}],"author":[{"embeddable":true,"href":"https:\/\/corrientesdetarde.com\/index.php\/wp-json\/wp\/v2\/users\/6"}],"replies":[{"embeddable":true,"href":"https:\/\/corrientesdetarde.com\/index.php\/wp-json\/wp\/v2\/comments?post=158466"}],"version-history":[{"count":1,"href":"https:\/\/corrientesdetarde.com\/index.php\/wp-json\/wp\/v2\/posts\/158466\/revisions"}],"predecessor-version":[{"id":158468,"href":"https:\/\/corrientesdetarde.com\/index.php\/wp-json\/wp\/v2\/posts\/158466\/revisions\/158468"}],"wp:featuredmedia":[{"embeddable":true,"href":"https:\/\/corrientesdetarde.com\/index.php\/wp-json\/wp\/v2\/media\/158467"}],"wp:attachment":[{"href":"https:\/\/corrientesdetarde.com\/index.php\/wp-json\/wp\/v2\/media?parent=158466"}],"wp:term":[{"taxonomy":"category","embeddable":true,"href":"https:\/\/corrientesdetarde.com\/index.php\/wp-json\/wp\/v2\/categories?post=158466"},{"taxonomy":"post_tag","embeddable":true,"href":"https:\/\/corrientesdetarde.com\/index.php\/wp-json\/wp\/v2\/tags?post=158466"}],"curies":[{"name":"wp","href":"https:\/\/api.w.org\/{rel}","templated":true}]}}