{"id":158469,"date":"2024-08-11T18:30:11","date_gmt":"2024-08-11T21:30:11","guid":{"rendered":"https:\/\/corrientesdetarde.com\/?p=158469"},"modified":"2024-08-11T18:30:15","modified_gmt":"2024-08-11T21:30:15","slug":"una-ambulancia-choco-a-una-moto","status":"publish","type":"post","link":"https:\/\/corrientesdetarde.com\/index.php\/policiales\/una-ambulancia-choco-a-una-moto\/","title":{"rendered":"Una ambulancia choc\u00f3 a una moto."},"content":{"rendered":"\n<h2 class=\"wp-block-heading\">El veh\u00edculo sanitario trasladaba de urgencia a un paciente. Ocurri\u00f3 en la siesta de este domingo.<\/h2>\n\n\n\n<p>Una ambulancia que trasladaba de urgencia a un paciente termin\u00f3 &nbsp;colisionando contra una moto en la ciudad de Corrientes, informaron este domingo fuentes policiales.<\/p>\n\n\n\n<p>El siniestro vial se registr\u00f3 en las inmediaciones de las calles Las Piedras e Independencia cuando una ambulancia que proven\u00eda de Goya choch\u00f3 contra una motocicleta.<\/p>\n\n\n\n<p>Seg\u00fan las primeras averiguaciones, la persona que conduc\u00eda la moto estaba cruzando el sem\u00e1foro en verde cuando fue atropellada por la ambulancia que ven\u00eda con las sirenas y las balizas encendidas.\u00a0<\/p>\n\n\n\n<p>Hasta el momento, se desconoce m\u00e1s informaci\u00f3n sobre el hecho.&nbsp;<\/p>\n\n\n\n<p>En el lugar se encuentra trabajando la Polic\u00eda de Corrientes.<\/p>\n","protected":false},"excerpt":{"rendered":"<p>El veh\u00edculo sanitario trasladaba de urgencia a un paciente. Ocurri\u00f3 en la siesta de este domingo. Una ambulancia que trasladaba de urgencia a un paciente termin\u00f3 &nbsp;colisionando contra una moto&hellip; <\/p>\n","protected":false},"author":6,"featured_media":158473,"comment_status":"closed","ping_status":"open","sticky":false,"template":"","format":"standard","meta":{"footnotes":""},"categories":[33],"tags":[],"class_list":["post-158469","post","type-post","status-publish","format-standard","has-post-thumbnail","hentry","category-policiales"],"_links":{"self":[{"href":"https:\/\/corrientesdetarde.com\/index.php\/wp-json\/wp\/v2\/posts\/158469","targetHints":{"allow":["GET"]}}],"collection":[{"href":"https:\/\/corrientesdetarde.com\/index.php\/wp-json\/wp\/v2\/posts"}],"about":[{"href":"https:\/\/corrientesdetarde.com\/index.php\/wp-json\/wp\/v2\/types\/post"}],"author":[{"embeddable":true,"href":"https:\/\/corrientesdetarde.com\/index.php\/wp-json\/wp\/v2\/users\/6"}],"replies":[{"embeddable":true,"href":"https:\/\/corrientesdetarde.com\/index.php\/wp-json\/wp\/v2\/comments?post=158469"}],"version-history":[{"count":1,"href":"https:\/\/corrientesdetarde.com\/index.php\/wp-json\/wp\/v2\/posts\/158469\/revisions"}],"predecessor-version":[{"id":158474,"href":"https:\/\/corrientesdetarde.com\/index.php\/wp-json\/wp\/v2\/posts\/158469\/revisions\/158474"}],"wp:featuredmedia":[{"embeddable":true,"href":"https:\/\/corrientesdetarde.com\/index.php\/wp-json\/wp\/v2\/media\/158473"}],"wp:attachment":[{"href":"https:\/\/corrientesdetarde.com\/index.php\/wp-json\/wp\/v2\/media?parent=158469"}],"wp:term":[{"taxonomy":"category","embeddable":true,"href":"https:\/\/corrientesdetarde.com\/index.php\/wp-json\/wp\/v2\/categories?post=158469"},{"taxonomy":"post_tag","embeddable":true,"href":"https:\/\/corrientesdetarde.com\/index.php\/wp-json\/wp\/v2\/tags?post=158469"}],"curies":[{"name":"wp","href":"https:\/\/api.w.org\/{rel}","templated":true}]}}