{"id":158475,"date":"2024-08-11T19:33:04","date_gmt":"2024-08-11T22:33:04","guid":{"rendered":"https:\/\/corrientesdetarde.com\/?p=158475"},"modified":"2024-08-11T19:33:07","modified_gmt":"2024-08-11T22:33:07","slug":"fabiola-yanez-volvera-a-declarar-este-martes-ante-la-justicia","status":"publish","type":"post","link":"https:\/\/corrientesdetarde.com\/index.php\/politica\/fabiola-yanez-volvera-a-declarar-este-martes-ante-la-justicia\/","title":{"rendered":"Fabiola Y\u00e1\u00f1ez volver\u00e1 a declarar este martes ante la Justicia."},"content":{"rendered":"\n<h2 class=\"wp-block-heading\">Se prev\u00e9 que la ex primera dama se presente como querellante luego de que se conocieran varios episodios que vivi\u00f3 con el ex presidente, Alberto Fern\u00e1ndez. Mariana Gallego, su nueva abogada, todav\u00eda no est\u00e1 formalmente presentada en la causa.<\/h2>\n\n\n\n<p>Fabiola Y\u00e1\u00f1ez tiene previsto declarar nuevamente ante la Justicia este martes en el marco de la denuncia por violencia de g\u00e9nero que present\u00f3 contra el expresidente Alberto Fern\u00e1ndez. Se espera que se presente como querellante en la causa. La abogada que asumi\u00f3 su defensa, Mariana Gallego, a\u00fan no fue formalmente presentada en el expediente. La declaraci\u00f3n se realizar\u00e1 por Zoom, ante el fiscal federal Ramiro Gonz\u00e1lez.<\/p>\n\n\n\n<p>Previo a la declaraci\u00f3n, se anticipa que la ex primera dama se pondr\u00e1 en contacto con el consulado argentino en el pa\u00eds europeo donde reside, para formalizar el poder de representaci\u00f3n a favor de Gallego.<\/p>\n\n\n\n<p>La ampliaci\u00f3n de la denuncia, que est\u00e1 programada para el martes, permitir\u00e1 a Y\u00e1\u00f1ez aportar m\u00e1s detalles sobre las agresiones que denuncia haber sufrido por parte del ex presidente. Como querellante, no solo podr\u00e1 presentar pruebas adicionales, sino tambi\u00e9n participar activamente en la investigaci\u00f3n, proponer testigos y tomar medidas para el avance del caso.<\/p>\n\n\n\n<p>Durante su primera declaraci\u00f3n, Y\u00e1\u00f1ez se mostr\u00f3 visiblemente afectada, lo que llev\u00f3 a la Justicia a considerar la necesidad de apoyo especializado. Un grupo de psic\u00f3logos del Ministerio P\u00fablico Fiscal, perteneciente a la Direcci\u00f3n General de Acompa\u00f1amiento, Orientaci\u00f3n y Protecci\u00f3n a las V\u00edctimas (DOVIC), brindar\u00e1 asistencia psicol\u00f3gica a la ex primera dama durante su ampliaci\u00f3n de declaraci\u00f3n.<\/p>\n\n\n\n<p>En una entrevista reciente con Infobae, Y\u00e1\u00f1ez relat\u00f3 el hostigamiento que habr\u00eda sufrido por parte de Fern\u00e1ndez, detallando que durante dos meses recibi\u00f3 amenazas constantes de suicidio si hablaba sobre los abusos.&nbsp;<em><strong>&#8220;Esta persona estuvo durante dos meses amenaz\u00e1ndome d\u00eda por medio con que si yo hac\u00eda esto o lo otro se iba a suicidar&#8221;<\/strong><\/em>, afirm\u00f3 Y\u00e1\u00f1ez desde Madrid.<\/p>\n\n\n\n<p>La ex primera dama tambi\u00e9n describi\u00f3 un patr\u00f3n de acoso telef\u00f3nico y terrorismo psicol\u00f3gico que contribuy\u00f3 a su aislamiento.&nbsp;<strong><em>&#8220;El tiempo me llev\u00f3 a quedarme cada vez m\u00e1s encerrada dentro del departamento&#8221;<\/em><\/strong>, explic\u00f3. Y\u00e1\u00f1ez enfatiz\u00f3 el impacto devastador de la situaci\u00f3n, se\u00f1alando que en Argentina se sinti\u00f3 incapaz de trabajar o salir a la calle, lo que la llev\u00f3 a una vida de aislamiento.<\/p>\n","protected":false},"excerpt":{"rendered":"<p>Se prev\u00e9 que la ex primera dama se presente como querellante luego de que se conocieran varios episodios que vivi\u00f3 con el ex presidente, Alberto Fern\u00e1ndez. Mariana Gallego, su nueva&hellip; <\/p>\n","protected":false},"author":6,"featured_media":158484,"comment_status":"closed","ping_status":"open","sticky":false,"template":"","format":"standard","meta":{"footnotes":""},"categories":[3],"tags":[],"class_list":["post-158475","post","type-post","status-publish","format-standard","has-post-thumbnail","hentry","category-politica"],"_links":{"self":[{"href":"https:\/\/corrientesdetarde.com\/index.php\/wp-json\/wp\/v2\/posts\/158475","targetHints":{"allow":["GET"]}}],"collection":[{"href":"https:\/\/corrientesdetarde.com\/index.php\/wp-json\/wp\/v2\/posts"}],"about":[{"href":"https:\/\/corrientesdetarde.com\/index.php\/wp-json\/wp\/v2\/types\/post"}],"author":[{"embeddable":true,"href":"https:\/\/corrientesdetarde.com\/index.php\/wp-json\/wp\/v2\/users\/6"}],"replies":[{"embeddable":true,"href":"https:\/\/corrientesdetarde.com\/index.php\/wp-json\/wp\/v2\/comments?post=158475"}],"version-history":[{"count":1,"href":"https:\/\/corrientesdetarde.com\/index.php\/wp-json\/wp\/v2\/posts\/158475\/revisions"}],"predecessor-version":[{"id":158485,"href":"https:\/\/corrientesdetarde.com\/index.php\/wp-json\/wp\/v2\/posts\/158475\/revisions\/158485"}],"wp:featuredmedia":[{"embeddable":true,"href":"https:\/\/corrientesdetarde.com\/index.php\/wp-json\/wp\/v2\/media\/158484"}],"wp:attachment":[{"href":"https:\/\/corrientesdetarde.com\/index.php\/wp-json\/wp\/v2\/media?parent=158475"}],"wp:term":[{"taxonomy":"category","embeddable":true,"href":"https:\/\/corrientesdetarde.com\/index.php\/wp-json\/wp\/v2\/categories?post=158475"},{"taxonomy":"post_tag","embeddable":true,"href":"https:\/\/corrientesdetarde.com\/index.php\/wp-json\/wp\/v2\/tags?post=158475"}],"curies":[{"name":"wp","href":"https:\/\/api.w.org\/{rel}","templated":true}]}}