{"id":158578,"date":"2024-08-12T08:56:18","date_gmt":"2024-08-12T11:56:18","guid":{"rendered":"https:\/\/corrientesdetarde.com\/?p=158578"},"modified":"2024-08-12T08:56:29","modified_gmt":"2024-08-12T11:56:29","slug":"berni-cargo-contra-alberto-fernandez-al-peronismo-le-hizo-mucho-mal-y-lo-mejor-que-ha-hecho-fue-haber-renunciado","status":"publish","type":"post","link":"https:\/\/corrientesdetarde.com\/index.php\/politica\/berni-cargo-contra-alberto-fernandez-al-peronismo-le-hizo-mucho-mal-y-lo-mejor-que-ha-hecho-fue-haber-renunciado\/","title":{"rendered":"Berni carg\u00f3 contra Alberto Fern\u00e1ndez: &#8220;Al peronismo le hizo mucho mal y lo mejor que ha hecho fue haber renunciado&#8221;"},"content":{"rendered":"\n<p>El senador de la provincia de Buenos Aires, carg\u00f3 contra el expresidente tras la denuncia en su contra por violencia de g\u00e9nero. &#8220;Que lo contenga y lo abrace el feminismo&#8221;, fustig\u00f3.<\/p>\n\n\n\n<p>El senador de la provincia de Buenos Aires&nbsp;<strong>Sergio Berni&nbsp;<\/strong>asegur\u00f3 que el expresidente&nbsp;<strong>Alberto Fern\u00e1ndez<\/strong>&nbsp;\u201cle hizo mucho da\u00f1o al peronismo\u201d luego de que la exPrimera Dama&nbsp;<strong>Fabiola Y\u00e1\u00f1ez<\/strong>&nbsp;lo denunciara por violencia de g\u00e9nero.&nbsp;<strong>\u201cAl peronismo le hizo mucho mal y lo mejor que ha hecho fue haber renunciado\u201d,<\/strong>&nbsp;sostuvo en una entrevista a&nbsp;<em>Radio Rivadavia.&nbsp;<\/em><\/p>\n\n\n\n<p>\u201cNo me sorprendi\u00f3, es parte de lo que uno se imaginaba que pod\u00eda ser una persona como Alberto Fern\u00e1ndez. Lo dije en el momento en el que nadie se animaba a abrir la boca. No solamente el oficialismo, tampoco la oposici\u00f3n. Todos los aplaud\u00edan porque se aferraban a un Alberto Fern\u00e1ndez que ten\u00eda un 90% de imagen positiva y c\u00f3mo era incorrectamente pol\u00edtico\u2026\u201d, sostuvo el exministro de Seguridad bonaerense.&nbsp;<\/p>\n\n\n\n<p>En la misma l\u00ednea, remarc\u00f3: &#8220;Antes de entrar a la pandemia, yo ya alzaba la voz y pon\u00eda blanco sobre negro y advert\u00eda de manera casi en total soledad lo que iba a pasar.&nbsp;<strong>Pero le vuelvo a repetir, eso es un problema del progresismo, que lo acompa\u00f1e el progresismo, que lo abrace el progresismo, que lo contenga el progresismo&#8221;.<\/strong><\/p>\n\n\n\n<p><strong>\u201cAl peronismo le hizo mucho mal, lo mejor que ha hecho hasta ahora fue haber renunciado al peronismo, y desde ah\u00ed nosotros estamos mirando hacia adelante\u201d<\/strong>, subray\u00f3 Berni.<\/p>\n\n\n\n<p>Asimismo, el legislador le quit\u00f3 responsabilidad a la exvicepresidenta<strong>&nbsp;Cristina Kirchner<\/strong>, quien lo design\u00f3 candidato de la fuerza en 2019, y record\u00f3 el paso de Fern\u00e1ndez por la jefatura de Gabinete de la administraci\u00f3n de N\u00e9stor Kirchner en 2003. \u201cCompart\u00ed el gobierno de N\u00e9stor Kirchner all\u00e1 en el 2003, hasta el d\u00eda que se fue enojado con Cristina, y despu\u00e9s todas las actitudes que tuvo desde que se fue el gobierno hasta que fue nuevamente presidente, esas idas y vueltas con Cristina, hablaba de la personalidad de una persona que no compart\u00eda la honestidad de sus acciones. Y me parece que a partir de ah\u00ed se deduce un mont\u00f3n de situaciones, entre ellas esta es la que estamos viviendo\u201d, record\u00f3.<\/p>\n\n\n\n<p>Por su parte, anticip\u00f3 la reconstrucci\u00f3n del peronismo: \u201cNuestra obligaci\u00f3n es encauzar y tener una mirada hacia d\u00f3nde vamos a poner rumbo una vez que este pa\u00eds toque fondo de la manera que lo est\u00e1 haciendo\u201d.&nbsp;<\/p>\n\n\n\n<p>\u201c<strong>El pr\u00f3ximo candidato va a ser un peronista y va a ser el que vuelva a encauzar los destinos de la paz<\/strong>. Como peronistas tenemos la responsabilidad de reorganizarnos y reencauzar el rumbo de la Argentina&#8221;, vaticin\u00f3.&nbsp;<\/p>\n\n\n\n<p>Por \u00faltimo, cuestion\u00f3 al gobierno de<strong>&nbsp;Javier Milei&nbsp;<\/strong>y revel\u00f3 que el peronismo trabaja en la construcci\u00f3n de una alternativa electoral. \u201cEste Presidente que dijo que era especialista en crecimiento, lo \u00fanico que est\u00e1 haciendo es deprimir cada vez el pa\u00eds m\u00e1s la econom\u00eda.&nbsp;<strong>Nos est\u00e1 mostrando una fotograf\u00eda totalmente desesperada de un gobierno que no encuentra un rumbo econ\u00f3mico, porque hasta ahora no hemos visto un solo plan econ\u00f3mico, lo \u00fanico que vimos es una manera ortodoxa de bajar la inflaci\u00f3n, que es apagar la econom\u00eda y que el pa\u00eds se deprima\u201d<\/strong>, concluy\u00f3.<\/p>\n","protected":false},"excerpt":{"rendered":"<p>El senador de la provincia de Buenos Aires, carg\u00f3 contra el expresidente tras la denuncia en su contra por violencia de g\u00e9nero. &#8220;Que lo contenga y lo abrace el feminismo&#8221;,&hellip; <\/p>\n","protected":false},"author":4,"featured_media":158579,"comment_status":"closed","ping_status":"open","sticky":false,"template":"","format":"standard","meta":{"footnotes":""},"categories":[3],"tags":[],"class_list":["post-158578","post","type-post","status-publish","format-standard","has-post-thumbnail","hentry","category-politica"],"_links":{"self":[{"href":"https:\/\/corrientesdetarde.com\/index.php\/wp-json\/wp\/v2\/posts\/158578","targetHints":{"allow":["GET"]}}],"collection":[{"href":"https:\/\/corrientesdetarde.com\/index.php\/wp-json\/wp\/v2\/posts"}],"about":[{"href":"https:\/\/corrientesdetarde.com\/index.php\/wp-json\/wp\/v2\/types\/post"}],"author":[{"embeddable":true,"href":"https:\/\/corrientesdetarde.com\/index.php\/wp-json\/wp\/v2\/users\/4"}],"replies":[{"embeddable":true,"href":"https:\/\/corrientesdetarde.com\/index.php\/wp-json\/wp\/v2\/comments?post=158578"}],"version-history":[{"count":1,"href":"https:\/\/corrientesdetarde.com\/index.php\/wp-json\/wp\/v2\/posts\/158578\/revisions"}],"predecessor-version":[{"id":158580,"href":"https:\/\/corrientesdetarde.com\/index.php\/wp-json\/wp\/v2\/posts\/158578\/revisions\/158580"}],"wp:featuredmedia":[{"embeddable":true,"href":"https:\/\/corrientesdetarde.com\/index.php\/wp-json\/wp\/v2\/media\/158579"}],"wp:attachment":[{"href":"https:\/\/corrientesdetarde.com\/index.php\/wp-json\/wp\/v2\/media?parent=158578"}],"wp:term":[{"taxonomy":"category","embeddable":true,"href":"https:\/\/corrientesdetarde.com\/index.php\/wp-json\/wp\/v2\/categories?post=158578"},{"taxonomy":"post_tag","embeddable":true,"href":"https:\/\/corrientesdetarde.com\/index.php\/wp-json\/wp\/v2\/tags?post=158578"}],"curies":[{"name":"wp","href":"https:\/\/api.w.org\/{rel}","templated":true}]}}