{"id":158750,"date":"2024-08-12T20:12:51","date_gmt":"2024-08-12T23:12:51","guid":{"rendered":"https:\/\/corrientesdetarde.com\/?p=158750"},"modified":"2024-08-12T20:13:03","modified_gmt":"2024-08-12T23:13:03","slug":"la-denuncia-de-la-mama-de-loan-me-quisieron-convencer-para-que-dijera-que-fue-un-accidente","status":"publish","type":"post","link":"https:\/\/corrientesdetarde.com\/index.php\/destacados\/la-denuncia-de-la-mama-de-loan-me-quisieron-convencer-para-que-dijera-que-fue-un-accidente\/","title":{"rendered":"La denuncia de la mam\u00e1 de Loan: &#8220;Me quisieron convencer para que dijera que fue un accidente&#8221;"},"content":{"rendered":"\n<p>La mam\u00e1 de Loan Danilo Pe\u00f1a, el nene que lleva dos meses desaparecido en Corrientes, revel\u00f3 que la intentaron convencer para que declarara que su hijo hab\u00eda muerto en un accidente y asegur\u00f3 que al nene de cinco a\u00f1os &#8220;lo llevaron&#8221;.<\/p>\n\n\n\n<p>&nbsp;<br>&#8220;Nos quiso convencer, pero no. Lo del accidente es falso, mi marido tambi\u00e9n me dijo que es falso porque \u00e9l deber\u00eda haber visto si lo atropellaron. Yo estaba ya en la b\u00fasqueda de mi hijo cuando me cont\u00f3 que lo quisieron convencer&#8221;, explic\u00f3 Mar\u00eda Noguera en una entrevista con TN.<\/p>\n\n\n\n<p>La madre del nene desaparecido volvi\u00f3 a apuntar contra Laudelina por la versi\u00f3n del accidente: &#8220;Eso es un falso testimonio. Laudelina ya minti\u00f3 varias veces, minti\u00f3 diciendo que entregu\u00e9 a mi hijo y minti\u00f3 diciendo que estaba embarazada. Ella est\u00e1 mintiendo, es todo mentira&#8221;.<\/p>\n\n\n\n<p>En ese sentido, dijo que la hermana de su pareja &#8220;tiene que saber algo porque la llam\u00f3 Antonio pregunt\u00e1ndole si Loan lleg\u00f3 cerca del pap\u00e1&#8221; unos minutos despu\u00e9s de que su hijo desapareciera del naranjal.<\/p>\n\n\n\n<p>Desde ese lugar fue que apunt\u00f3 contra las tres personas que llevaron al nene de cinco a\u00f1os al naranjal: &#8220;Todos los que estaban con \u00e9l en el naranjal tienen que saber, no se puede escapar una criatura de cinco a\u00f1os con estos tres mayores&#8221;.<\/p>\n\n\n\n<p><br>Noguera no descart\u00f3 la posibilidad de que la desaparici\u00f3n de Loan est\u00e9 relacionada con un viejo conflicto familiar por un terreno: &#8220;Puede ser una venganza por el tema del terreno, podemos pensar cualquier cosa. Todos sabemos que a \u00e9l lo llevaron&#8221;.<\/p>\n\n\n\n<p>En paralelo, la mam\u00e1 del nene de cinco a\u00f1os se refiri\u00f3 a las llamadas borradas que se encontraron en el celular de Catalina Pe\u00f1a, su suegra. &#8220;Me llam\u00f3 la atenci\u00f3n que haya borrado llamadas, pero no s\u00e9 bien c\u00f3mo fue&#8221;, se\u00f1al\u00f3.<\/p>\n\n\n\n<p>Con respecto al paradero de su hijo, expres\u00f3: &#8220;Ojal\u00e1 que est\u00e9 bien, que est\u00e9 sano y salvo, es lo que esperamos todos. Que vuelvan y lo larguen, como pidi\u00f3 mi hijo, en una escuela o en una terminal. Porque \u00e9l tambi\u00e9n debe estar sufriendo. As\u00ed como nosotros estamos sufriendo, \u00e9l est\u00e1 sufriendo por no estar con nosotros&#8221;.<\/p>\n\n\n\n<p>Le\u00e9 tambi\u00e9n: Video: tras un choque, una mujer arranc\u00f3 el limpiaparabrisas de un colectivo y le revent\u00f3 el vidrio al chofer<\/p>\n\n\n\n<p>Este martes se cumplir\u00e1n dos meses de la desaparici\u00f3n de Loan y Mar\u00eda cont\u00f3 c\u00f3mo se siente al respecto: &#8220;Estoy sufriendo hace dos meses, queremos saber algo de \u00e9l. Yo no duermo, no es f\u00e1cil lo que estoy viviendo. Si yo me caigo ac\u00e1, se caen todos. Estoy haciendo fuerza, trat\u00e1ndome de mantener en pie. No voy a bajar los brazos hasta que vuelva&#8221;.<\/p>\n\n\n\n<p>&#8220;No queda m\u00e1s que esperar una buena noticia, hacemos cosas mientras esperamos una novedad, una noticia buena. Tenemos que saber algo de Loan, esto no va a quedar como un misterio. Le pido a dios que est\u00e9 bien, que vuelva pronto&#8221;, cerr\u00f3.<\/p>\n\n\n\n<p>A sesenta d\u00edas de la desaparici\u00f3n del nene de cinco a\u00f1os, este martes a las 19 se realizar\u00e1 una masiva marcha desde 9 de Juio hasta Goya para pedir por la aparici\u00f3n con vida de Loan. Al d\u00eda siguiente, el mi\u00e9rcoles, se realizar\u00e1 otra movilizaci\u00f3n en 9 de Julio.<\/p>\n","protected":false},"excerpt":{"rendered":"<p>La mam\u00e1 de Loan Danilo Pe\u00f1a, el nene que lleva dos meses desaparecido en Corrientes, revel\u00f3 que la intentaron convencer para que declarara que su hijo hab\u00eda muerto en un&hellip; <\/p>\n","protected":false},"author":12,"featured_media":158753,"comment_status":"closed","ping_status":"open","sticky":false,"template":"","format":"standard","meta":{"footnotes":""},"categories":[26,33],"tags":[],"class_list":["post-158750","post","type-post","status-publish","format-standard","has-post-thumbnail","hentry","category-destacados","category-policiales"],"_links":{"self":[{"href":"https:\/\/corrientesdetarde.com\/index.php\/wp-json\/wp\/v2\/posts\/158750","targetHints":{"allow":["GET"]}}],"collection":[{"href":"https:\/\/corrientesdetarde.com\/index.php\/wp-json\/wp\/v2\/posts"}],"about":[{"href":"https:\/\/corrientesdetarde.com\/index.php\/wp-json\/wp\/v2\/types\/post"}],"author":[{"embeddable":true,"href":"https:\/\/corrientesdetarde.com\/index.php\/wp-json\/wp\/v2\/users\/12"}],"replies":[{"embeddable":true,"href":"https:\/\/corrientesdetarde.com\/index.php\/wp-json\/wp\/v2\/comments?post=158750"}],"version-history":[{"count":1,"href":"https:\/\/corrientesdetarde.com\/index.php\/wp-json\/wp\/v2\/posts\/158750\/revisions"}],"predecessor-version":[{"id":158754,"href":"https:\/\/corrientesdetarde.com\/index.php\/wp-json\/wp\/v2\/posts\/158750\/revisions\/158754"}],"wp:featuredmedia":[{"embeddable":true,"href":"https:\/\/corrientesdetarde.com\/index.php\/wp-json\/wp\/v2\/media\/158753"}],"wp:attachment":[{"href":"https:\/\/corrientesdetarde.com\/index.php\/wp-json\/wp\/v2\/media?parent=158750"}],"wp:term":[{"taxonomy":"category","embeddable":true,"href":"https:\/\/corrientesdetarde.com\/index.php\/wp-json\/wp\/v2\/categories?post=158750"},{"taxonomy":"post_tag","embeddable":true,"href":"https:\/\/corrientesdetarde.com\/index.php\/wp-json\/wp\/v2\/tags?post=158750"}],"curies":[{"name":"wp","href":"https:\/\/api.w.org\/{rel}","templated":true}]}}