{"id":158752,"date":"2024-08-12T20:44:47","date_gmt":"2024-08-12T23:44:47","guid":{"rendered":"https:\/\/corrientesdetarde.com\/?p=158752"},"modified":"2024-08-12T20:44:48","modified_gmt":"2024-08-12T23:44:48","slug":"el-servicio-penitenciario-abre-la-convocatoria-para-profesionales","status":"publish","type":"post","link":"https:\/\/corrientesdetarde.com\/index.php\/sociales\/el-servicio-penitenciario-abre-la-convocatoria-para-profesionales\/","title":{"rendered":"El Servicio Penitenciario abre la convocatoria para profesionales"},"content":{"rendered":"\n<p>La &nbsp;Jefatura &nbsp;del &nbsp;Servicio &nbsp;Penitenciario &nbsp;Informa &nbsp;que &nbsp;a &nbsp;partir &nbsp;del &nbsp;d\u00eda martes 13 y hasta el d\u00eda viernes 23 de Agosto del a\u00f1o en curso, en el horario de las 08:00 a 13:00, se halla abierta la inscripci\u00f3n, para ingresar como Personal Profesional del Servicio Penitenciario Provincial, autorizado por Resoluci\u00f3n Ministerial N\u00b0 0049 de fecha 08 de Agosto de 2024. En las profesiones que a continuaci\u00f3n se detallan:<\/p>\n\n\n\n<p>CAPITAL: 04 M\u00c9DICOS CL\u00cdNICOS , 02 M\u00c9DICOS PSIQUIATRAS<\/p>\n\n\n\n<p>PARA LA CIUDAD DE PASO DE LOS LIBRES: 01 MEDICO CL\u00cdNICO<\/p>\n\n\n\n<p><strong>La preinscripci\u00f3n se llevara a cabo, en la Direcci\u00f3n de Instituto Superior de Formaci\u00f3n y Capacitaci\u00f3n Penitenciaria sito en Calle Pellegrini esquina San Luis.<\/strong><\/p>\n\n\n\n<p>Los requisitos que deben reunir los interesados para la inscripci\u00f3n: Toda documentaci\u00f3n debe ser presentada en carpeta cuales color celeste<\/p>\n\n\n\n<p>\u00b7 &nbsp; &nbsp; &nbsp; &nbsp; &nbsp; &nbsp; &nbsp; &nbsp;Ser Argentino\/a nativo\/a o por opci\u00f3n.<\/p>\n\n\n\n<p>\u00b7 &nbsp; &nbsp; &nbsp; &nbsp; &nbsp; &nbsp; &nbsp; &nbsp;Tener hasta 35 a\u00f1os como m\u00e1ximo. certificado de buena conducta.-<\/p>\n\n\n\n<p>\u00b7 &nbsp; &nbsp; &nbsp; &nbsp; &nbsp; &nbsp; &nbsp; &nbsp;No haber sido exonerado o declarado cesante o inhabilitado para ejercer cargos p\u00fablicos.<\/p>\n\n\n\n<p>\u00b7 &nbsp; &nbsp; &nbsp; &nbsp; &nbsp; &nbsp; &nbsp; &nbsp;Copia certificada por el colegio correspondiente de matr\u00edcula profesional (a\u00f1os de antig\u00fcedad en la respectiva matricula y si registran o no sanci\u00f3n disciplinaria).<\/p>\n\n\n\n<p>\u00b7 &nbsp; &nbsp; &nbsp; &nbsp; &nbsp; &nbsp; &nbsp; &nbsp;Tener idoneidad psicof\u00edsica adecuada para la funci\u00f3n a desempe\u00f1ar, sin perjuicio del examen preocupacional que deber\u00e1 efectuarse en todos los casos, al momento de la designaci\u00f3n para el alta laboral ante el organismo de la Subdirecci\u00f3n de Reconocimientos M\u00e9dicos.<\/p>\n\n\n\n<p>\u00b7 &nbsp; &nbsp; &nbsp; &nbsp; &nbsp; &nbsp; &nbsp; &nbsp;Copia certificada de t\u00edtulo de grado certificada por Escribano Publico, con acta notarial.<\/p>\n\n\n\n<p>\u00b7 &nbsp; &nbsp; &nbsp; &nbsp; &nbsp; &nbsp; &nbsp; &nbsp;Curriculum Vitae, debiendo acreditar su experiencia laboral manifestada en el mismo, si tuviera. 1 foto 4&#215;4 fondo celeste.-<\/p>\n\n\n\n<p>\u00b7 &nbsp; &nbsp; &nbsp; &nbsp; &nbsp; &nbsp; &nbsp; &nbsp;Tener domicilio real no menor a 3 a\u00f1os en la localidad para la cual se postula debidamente acreditado. (certificado de domicilio).<\/p>\n","protected":false},"excerpt":{"rendered":"<p>La &nbsp;Jefatura &nbsp;del &nbsp;Servicio &nbsp;Penitenciario &nbsp;Informa &nbsp;que &nbsp;a &nbsp;partir &nbsp;del &nbsp;d\u00eda martes 13 y hasta el d\u00eda viernes 23 de Agosto del a\u00f1o en curso, en el horario de las&hellip; <\/p>\n","protected":false},"author":12,"featured_media":158760,"comment_status":"closed","ping_status":"open","sticky":false,"template":"","format":"standard","meta":{"footnotes":""},"categories":[23,17],"tags":[],"class_list":["post-158752","post","type-post","status-publish","format-standard","has-post-thumbnail","hentry","category-actualidad","category-sociales"],"_links":{"self":[{"href":"https:\/\/corrientesdetarde.com\/index.php\/wp-json\/wp\/v2\/posts\/158752","targetHints":{"allow":["GET"]}}],"collection":[{"href":"https:\/\/corrientesdetarde.com\/index.php\/wp-json\/wp\/v2\/posts"}],"about":[{"href":"https:\/\/corrientesdetarde.com\/index.php\/wp-json\/wp\/v2\/types\/post"}],"author":[{"embeddable":true,"href":"https:\/\/corrientesdetarde.com\/index.php\/wp-json\/wp\/v2\/users\/12"}],"replies":[{"embeddable":true,"href":"https:\/\/corrientesdetarde.com\/index.php\/wp-json\/wp\/v2\/comments?post=158752"}],"version-history":[{"count":1,"href":"https:\/\/corrientesdetarde.com\/index.php\/wp-json\/wp\/v2\/posts\/158752\/revisions"}],"predecessor-version":[{"id":158761,"href":"https:\/\/corrientesdetarde.com\/index.php\/wp-json\/wp\/v2\/posts\/158752\/revisions\/158761"}],"wp:featuredmedia":[{"embeddable":true,"href":"https:\/\/corrientesdetarde.com\/index.php\/wp-json\/wp\/v2\/media\/158760"}],"wp:attachment":[{"href":"https:\/\/corrientesdetarde.com\/index.php\/wp-json\/wp\/v2\/media?parent=158752"}],"wp:term":[{"taxonomy":"category","embeddable":true,"href":"https:\/\/corrientesdetarde.com\/index.php\/wp-json\/wp\/v2\/categories?post=158752"},{"taxonomy":"post_tag","embeddable":true,"href":"https:\/\/corrientesdetarde.com\/index.php\/wp-json\/wp\/v2\/tags?post=158752"}],"curies":[{"name":"wp","href":"https:\/\/api.w.org\/{rel}","templated":true}]}}