{"id":159181,"date":"2024-08-14T11:42:50","date_gmt":"2024-08-14T14:42:50","guid":{"rendered":"https:\/\/corrientesdetarde.com\/?p=159181"},"modified":"2024-08-14T11:42:54","modified_gmt":"2024-08-14T14:42:54","slug":"adrian-maravilla-martinez-sobre-su-expulsion-ante-gimnasia-se-me-fue-el-pie","status":"publish","type":"post","link":"https:\/\/corrientesdetarde.com\/index.php\/deportes\/adrian-maravilla-martinez-sobre-su-expulsion-ante-gimnasia-se-me-fue-el-pie\/","title":{"rendered":"Adri\u00e1n \u201cMaravilla\u201d Mart\u00ednez sobre su expulsi\u00f3n ante Gimnasia: \u201cSe me fue el pie\u201d"},"content":{"rendered":"\n<p>El delantero de Racing vio la roja sobre el final del partido.<\/p>\n\n\n\n<p>El centrodelantero Adri\u00e1n \u201cMaravilla\u201d Mart\u00ednez se expres\u00f3 sobre la expulsi\u00f3n que sufri\u00f3 en el \u00faltimo partido de la Liga Profesional 2024, en el que Racing fue derrotado por Gimnasia de La Plata. El goleador admiti\u00f3 que&nbsp;<strong>\u201cQuer\u00eda llegar a la quinta amarilla\u201d.<\/strong><\/p>\n\n\n\n<p>\u201cMaravilla\u201d Mart\u00ednez tuvo una noche tr\u00e1gica en el Estadio Presidente Per\u00f3n, el pasado viernes. El delantero fue el foco de las cr\u00edticas en la derrota, ya que&nbsp;<strong>err\u00f3 un penal sobre el final del partido y termin\u00f3 siendo expulsado.<\/strong><\/p>\n\n\n\n<p>Ante esto, y en la zona mixta posterior a la victoria de la \u201cAcademia\u201d ante Huachipato por Copa Sudamericana, Mart\u00ednez aclar\u00f3 la situaci\u00f3n, aunque no se explay\u00f3 demasiado. El delantero aclar\u00f3 que su idea era llegar a la quinta amarilla, para evitar una posible quinta amonestaci\u00f3n en el encuentro ante Newell\u2019s que lo har\u00eda perderse el Cl\u00e1sico de Avellaneda ante Independiente, pero tambi\u00e9n confes\u00f3 que se le fue \u201cun poquito\u201d el pie con la intensidad de la falta.<\/p>\n\n\n\n<p>Adem\u00e1s, se dio a conocer que en el informe arbitral la falta fue descripta como juego brusco grave, por lo que&nbsp;<strong>la sanci\u00f3n disciplinaria podr\u00eda alcanzar los dos partidos. Si esta fuera la ocasi\u00f3n, \u201cMaravilla\u201d no podr\u00eda disputar el cl\u00e1sico.<\/strong><\/p>\n","protected":false},"excerpt":{"rendered":"<p>El delantero de Racing vio la roja sobre el final del partido. El centrodelantero Adri\u00e1n \u201cMaravilla\u201d Mart\u00ednez se expres\u00f3 sobre la expulsi\u00f3n que sufri\u00f3 en el \u00faltimo partido de la&hellip; <\/p>\n","protected":false},"author":4,"featured_media":159184,"comment_status":"closed","ping_status":"open","sticky":false,"template":"","format":"standard","meta":{"footnotes":""},"categories":[4],"tags":[],"class_list":["post-159181","post","type-post","status-publish","format-standard","has-post-thumbnail","hentry","category-deportes"],"_links":{"self":[{"href":"https:\/\/corrientesdetarde.com\/index.php\/wp-json\/wp\/v2\/posts\/159181","targetHints":{"allow":["GET"]}}],"collection":[{"href":"https:\/\/corrientesdetarde.com\/index.php\/wp-json\/wp\/v2\/posts"}],"about":[{"href":"https:\/\/corrientesdetarde.com\/index.php\/wp-json\/wp\/v2\/types\/post"}],"author":[{"embeddable":true,"href":"https:\/\/corrientesdetarde.com\/index.php\/wp-json\/wp\/v2\/users\/4"}],"replies":[{"embeddable":true,"href":"https:\/\/corrientesdetarde.com\/index.php\/wp-json\/wp\/v2\/comments?post=159181"}],"version-history":[{"count":1,"href":"https:\/\/corrientesdetarde.com\/index.php\/wp-json\/wp\/v2\/posts\/159181\/revisions"}],"predecessor-version":[{"id":159185,"href":"https:\/\/corrientesdetarde.com\/index.php\/wp-json\/wp\/v2\/posts\/159181\/revisions\/159185"}],"wp:featuredmedia":[{"embeddable":true,"href":"https:\/\/corrientesdetarde.com\/index.php\/wp-json\/wp\/v2\/media\/159184"}],"wp:attachment":[{"href":"https:\/\/corrientesdetarde.com\/index.php\/wp-json\/wp\/v2\/media?parent=159181"}],"wp:term":[{"taxonomy":"category","embeddable":true,"href":"https:\/\/corrientesdetarde.com\/index.php\/wp-json\/wp\/v2\/categories?post=159181"},{"taxonomy":"post_tag","embeddable":true,"href":"https:\/\/corrientesdetarde.com\/index.php\/wp-json\/wp\/v2\/tags?post=159181"}],"curies":[{"name":"wp","href":"https:\/\/api.w.org\/{rel}","templated":true}]}}