{"id":159186,"date":"2024-08-14T11:50:43","date_gmt":"2024-08-14T14:50:43","guid":{"rendered":"https:\/\/corrientesdetarde.com\/?p=159186"},"modified":"2024-08-14T11:50:55","modified_gmt":"2024-08-14T14:50:55","slug":"seleccion-correntina-sub-16-de-hockey-competira-en-el-argentino-de-selecciones","status":"publish","type":"post","link":"https:\/\/corrientesdetarde.com\/index.php\/locales\/seleccion-correntina-sub-16-de-hockey-competira-en-el-argentino-de-selecciones\/","title":{"rendered":"Selecci\u00f3n correntina Sub 16 de hockey competir\u00e1 en el Argentino de Selecciones"},"content":{"rendered":"\n<p><strong>En representaci\u00f3n del Gobierno de la Provincia, el secretario de Deportes, Jorge Terrile, despidi\u00f3 este lunes por la tarde a la Selecci\u00f3n correntina Sub 16 de hockey, que participar\u00e1 en Bah\u00eda Blanca del Argentino de Selecciones D.<\/strong><\/p>\n\n\n\n<p>El combinado correntino parti\u00f3 con toda la ilusi\u00f3n de representar de la mejor manera a la provincia. En ese marco, directivos del hockey local agradecieron la articulaci\u00f3n del secretario Jorge Terrile para hacer posible el viaje y al Gobierno de la Provincia. &nbsp;&nbsp;<\/p>\n\n\n\n<p>Equipo: Valentina Revidatti, Camila Vallejos, Laila Tonoletto, Serena Silva Leiz, Zaira Miranda, Constanza G\u00f3mez A, Martina Burna, Agustina Capar\u00e1, Mar\u00eda Lazarret, Victoria Arnica, Sara Mart\u00ednez A, Luciana Arzuaga, Emma Varela, Candela G\u00f3mez L.F, Joaquina Ojeda, Delfina Rojas, Valentina Ort\u00edz, M\u00eda Bahamonde, Oriana Falconier y Agustina Astudillo. DT: Luis Alberto Cerruti.&nbsp;<\/p>\n","protected":false},"excerpt":{"rendered":"<p>En representaci\u00f3n del Gobierno de la Provincia, el secretario de Deportes, Jorge Terrile, despidi\u00f3 este lunes por la tarde a la Selecci\u00f3n correntina Sub 16 de hockey, que participar\u00e1 en&hellip; <\/p>\n","protected":false},"author":4,"featured_media":159187,"comment_status":"closed","ping_status":"open","sticky":false,"template":"","format":"standard","meta":{"footnotes":""},"categories":[8],"tags":[],"class_list":["post-159186","post","type-post","status-publish","format-standard","has-post-thumbnail","hentry","category-locales"],"_links":{"self":[{"href":"https:\/\/corrientesdetarde.com\/index.php\/wp-json\/wp\/v2\/posts\/159186","targetHints":{"allow":["GET"]}}],"collection":[{"href":"https:\/\/corrientesdetarde.com\/index.php\/wp-json\/wp\/v2\/posts"}],"about":[{"href":"https:\/\/corrientesdetarde.com\/index.php\/wp-json\/wp\/v2\/types\/post"}],"author":[{"embeddable":true,"href":"https:\/\/corrientesdetarde.com\/index.php\/wp-json\/wp\/v2\/users\/4"}],"replies":[{"embeddable":true,"href":"https:\/\/corrientesdetarde.com\/index.php\/wp-json\/wp\/v2\/comments?post=159186"}],"version-history":[{"count":1,"href":"https:\/\/corrientesdetarde.com\/index.php\/wp-json\/wp\/v2\/posts\/159186\/revisions"}],"predecessor-version":[{"id":159188,"href":"https:\/\/corrientesdetarde.com\/index.php\/wp-json\/wp\/v2\/posts\/159186\/revisions\/159188"}],"wp:featuredmedia":[{"embeddable":true,"href":"https:\/\/corrientesdetarde.com\/index.php\/wp-json\/wp\/v2\/media\/159187"}],"wp:attachment":[{"href":"https:\/\/corrientesdetarde.com\/index.php\/wp-json\/wp\/v2\/media?parent=159186"}],"wp:term":[{"taxonomy":"category","embeddable":true,"href":"https:\/\/corrientesdetarde.com\/index.php\/wp-json\/wp\/v2\/categories?post=159186"},{"taxonomy":"post_tag","embeddable":true,"href":"https:\/\/corrientesdetarde.com\/index.php\/wp-json\/wp\/v2\/tags?post=159186"}],"curies":[{"name":"wp","href":"https:\/\/api.w.org\/{rel}","templated":true}]}}