{"id":159198,"date":"2024-08-14T13:24:18","date_gmt":"2024-08-14T16:24:18","guid":{"rendered":"https:\/\/corrientesdetarde.com\/?p=159198"},"modified":"2024-08-14T13:24:21","modified_gmt":"2024-08-14T16:24:21","slug":"seguridad-vecinal-se-realizo-una-nueva-reunion-en-el-barrio-santa-lucia","status":"publish","type":"post","link":"https:\/\/corrientesdetarde.com\/index.php\/sociales\/seguridad-vecinal-se-realizo-una-nueva-reunion-en-el-barrio-santa-lucia\/","title":{"rendered":"Seguridad vecinal: se realiz\u00f3 una nueva reuni\u00f3n en el barrio Santa Luc\u00eda"},"content":{"rendered":"\n<p><em>Autoridades del Ministerio de Seguridad de Corrientes se reunieron con vecinos y comerciantes para abordar problem\u00e1ticas de seguridad en la zona.<\/em><\/p>\n\n\n\n<p>En horas de la ma\u00f1ana del d\u00eda mi\u00e9rcoles, la subsecretar\u00eda de Seguridad Ciudadana llev\u00f3 a cabo una nueva reuni\u00f3n de Seguridad Vecinal en el barrio Santa Luc\u00eda, en representaci\u00f3n del Ministerio de Seguridad de Corrientes. El encuentro cont\u00f3 con la presencia de vecinos, comerciantes y un destacado grupo de autoridades encabezadas por el subsecretario de Seguridad Ciudadana, Oscar Mart\u00ednez.<\/p>\n\n\n\n<p>Durante la reuni\u00f3n, se abordaron diversas problem\u00e1ticas de seguridad que afectan a la comunidad del barrio Santa Luc\u00eda, fomentando un espacio de interacci\u00f3n directa entre los habitantes y las autoridades responsables de la seguridad en la zona.<\/p>\n\n\n\n<p>Se cont\u00f3 con la presencia del jefe de la Metropolitana Comisario Mayor Cano, el director de Seguridad Alimentaria Lucas Carballo, la jefa del Grim 2, comisaria Adriana Fontela y otros representantes policiales, reflejando&nbsp;el compromiso de trabajar de manera conjunta para abordar las inquietudes y reclamos de la comunidad.<\/p>\n\n\n\n<p>Durante el di\u00e1logo fluido y participativo, los vecinos tuvieron la oportunidad de expresar sus preocupaciones y sugerencias en materia de seguridad y prevenci\u00f3n del delito. En este contexto, el subsecretario de Seguridad Ciudadana, Oscar Mart\u00ednez, recomend\u00f3 a los vecinos la instalaci\u00f3n de la aplicaci\u00f3n &#8220;Vecinos Seguros&#8221; en sus celulares, una herramienta que facilita la comunicaci\u00f3n con el servicio de emergencias 911 y agiliza la respuesta ante situaciones de urgencia.<\/p>\n\n\n\n<figure class=\"wp-block-image size-large\"><img loading=\"lazy\" decoding=\"async\" width=\"1024\" height=\"683\" src=\"https:\/\/corrientesdetarde.com\/wp-content\/uploads\/2024\/08\/image-447-1024x683.png\" alt=\"\" class=\"wp-image-159199\" srcset=\"https:\/\/corrientesdetarde.com\/wp-content\/uploads\/2024\/08\/image-447-1024x683.png 1024w, https:\/\/corrientesdetarde.com\/wp-content\/uploads\/2024\/08\/image-447-300x200.png 300w, https:\/\/corrientesdetarde.com\/wp-content\/uploads\/2024\/08\/image-447-768x512.png 768w, https:\/\/corrientesdetarde.com\/wp-content\/uploads\/2024\/08\/image-447-1536x1024.png 1536w, https:\/\/corrientesdetarde.com\/wp-content\/uploads\/2024\/08\/image-447-2048x1365.png 2048w\" sizes=\"auto, (max-width: 1024px) 100vw, 1024px\" \/><\/figure>\n\n\n\n<figure class=\"wp-block-image size-large\"><img loading=\"lazy\" decoding=\"async\" width=\"1024\" height=\"683\" src=\"https:\/\/corrientesdetarde.com\/wp-content\/uploads\/2024\/08\/image-448-1024x683.png\" alt=\"\" class=\"wp-image-159200\" srcset=\"https:\/\/corrientesdetarde.com\/wp-content\/uploads\/2024\/08\/image-448-1024x683.png 1024w, https:\/\/corrientesdetarde.com\/wp-content\/uploads\/2024\/08\/image-448-300x200.png 300w, https:\/\/corrientesdetarde.com\/wp-content\/uploads\/2024\/08\/image-448-768x512.png 768w, https:\/\/corrientesdetarde.com\/wp-content\/uploads\/2024\/08\/image-448-1536x1024.png 1536w, https:\/\/corrientesdetarde.com\/wp-content\/uploads\/2024\/08\/image-448-2048x1365.png 2048w\" sizes=\"auto, (max-width: 1024px) 100vw, 1024px\" \/><\/figure>\n\n\n\n<figure class=\"wp-block-image size-large\"><img loading=\"lazy\" decoding=\"async\" width=\"1024\" height=\"683\" src=\"https:\/\/corrientesdetarde.com\/wp-content\/uploads\/2024\/08\/image-449-1024x683.png\" alt=\"\" class=\"wp-image-159201\" srcset=\"https:\/\/corrientesdetarde.com\/wp-content\/uploads\/2024\/08\/image-449-1024x683.png 1024w, https:\/\/corrientesdetarde.com\/wp-content\/uploads\/2024\/08\/image-449-300x200.png 300w, https:\/\/corrientesdetarde.com\/wp-content\/uploads\/2024\/08\/image-449-768x512.png 768w, https:\/\/corrientesdetarde.com\/wp-content\/uploads\/2024\/08\/image-449-1536x1024.png 1536w, https:\/\/corrientesdetarde.com\/wp-content\/uploads\/2024\/08\/image-449-2048x1365.png 2048w\" sizes=\"auto, (max-width: 1024px) 100vw, 1024px\" \/><\/figure>\n\n\n\n<figure class=\"wp-block-image size-large\"><img loading=\"lazy\" decoding=\"async\" width=\"1024\" height=\"683\" src=\"https:\/\/corrientesdetarde.com\/wp-content\/uploads\/2024\/08\/image-450-1024x683.png\" alt=\"\" class=\"wp-image-159202\" srcset=\"https:\/\/corrientesdetarde.com\/wp-content\/uploads\/2024\/08\/image-450-1024x683.png 1024w, https:\/\/corrientesdetarde.com\/wp-content\/uploads\/2024\/08\/image-450-300x200.png 300w, https:\/\/corrientesdetarde.com\/wp-content\/uploads\/2024\/08\/image-450-768x512.png 768w, https:\/\/corrientesdetarde.com\/wp-content\/uploads\/2024\/08\/image-450-1536x1024.png 1536w, https:\/\/corrientesdetarde.com\/wp-content\/uploads\/2024\/08\/image-450-2048x1365.png 2048w\" sizes=\"auto, (max-width: 1024px) 100vw, 1024px\" \/><\/figure>\n\n\n\n<figure class=\"wp-block-image size-large\"><img loading=\"lazy\" decoding=\"async\" width=\"1024\" height=\"683\" src=\"https:\/\/corrientesdetarde.com\/wp-content\/uploads\/2024\/08\/image-452-1024x683.png\" alt=\"\" class=\"wp-image-159204\" srcset=\"https:\/\/corrientesdetarde.com\/wp-content\/uploads\/2024\/08\/image-452-1024x683.png 1024w, https:\/\/corrientesdetarde.com\/wp-content\/uploads\/2024\/08\/image-452-300x200.png 300w, https:\/\/corrientesdetarde.com\/wp-content\/uploads\/2024\/08\/image-452-768x512.png 768w, https:\/\/corrientesdetarde.com\/wp-content\/uploads\/2024\/08\/image-452-1536x1024.png 1536w, https:\/\/corrientesdetarde.com\/wp-content\/uploads\/2024\/08\/image-452-2048x1365.png 2048w\" sizes=\"auto, (max-width: 1024px) 100vw, 1024px\" \/><\/figure>\n\n\n\n<figure class=\"wp-block-image size-large\"><img loading=\"lazy\" decoding=\"async\" width=\"1024\" height=\"683\" src=\"https:\/\/corrientesdetarde.com\/wp-content\/uploads\/2024\/08\/image-453-1024x683.png\" alt=\"\" class=\"wp-image-159205\" srcset=\"https:\/\/corrientesdetarde.com\/wp-content\/uploads\/2024\/08\/image-453-1024x683.png 1024w, https:\/\/corrientesdetarde.com\/wp-content\/uploads\/2024\/08\/image-453-300x200.png 300w, https:\/\/corrientesdetarde.com\/wp-content\/uploads\/2024\/08\/image-453-768x512.png 768w, https:\/\/corrientesdetarde.com\/wp-content\/uploads\/2024\/08\/image-453-1536x1024.png 1536w, https:\/\/corrientesdetarde.com\/wp-content\/uploads\/2024\/08\/image-453-2048x1365.png 2048w\" sizes=\"auto, (max-width: 1024px) 100vw, 1024px\" \/><\/figure>\n\n\n\n<figure class=\"wp-block-image size-large\"><img loading=\"lazy\" decoding=\"async\" width=\"1024\" height=\"683\" src=\"https:\/\/corrientesdetarde.com\/wp-content\/uploads\/2024\/08\/image-454-1024x683.png\" alt=\"\" class=\"wp-image-159206\" srcset=\"https:\/\/corrientesdetarde.com\/wp-content\/uploads\/2024\/08\/image-454-1024x683.png 1024w, https:\/\/corrientesdetarde.com\/wp-content\/uploads\/2024\/08\/image-454-300x200.png 300w, https:\/\/corrientesdetarde.com\/wp-content\/uploads\/2024\/08\/image-454-768x512.png 768w, https:\/\/corrientesdetarde.com\/wp-content\/uploads\/2024\/08\/image-454-1536x1024.png 1536w, https:\/\/corrientesdetarde.com\/wp-content\/uploads\/2024\/08\/image-454-2048x1365.png 2048w\" sizes=\"auto, (max-width: 1024px) 100vw, 1024px\" \/><\/figure>\n","protected":false},"excerpt":{"rendered":"<p>Autoridades del Ministerio de Seguridad de Corrientes se reunieron con vecinos y comerciantes para abordar problem\u00e1ticas de seguridad en la zona. En horas de la ma\u00f1ana del d\u00eda mi\u00e9rcoles, la&hellip; <\/p>\n","protected":false},"author":8,"featured_media":159203,"comment_status":"closed","ping_status":"open","sticky":false,"template":"","format":"standard","meta":{"footnotes":""},"categories":[17],"tags":[],"class_list":["post-159198","post","type-post","status-publish","format-standard","has-post-thumbnail","hentry","category-sociales"],"_links":{"self":[{"href":"https:\/\/corrientesdetarde.com\/index.php\/wp-json\/wp\/v2\/posts\/159198","targetHints":{"allow":["GET"]}}],"collection":[{"href":"https:\/\/corrientesdetarde.com\/index.php\/wp-json\/wp\/v2\/posts"}],"about":[{"href":"https:\/\/corrientesdetarde.com\/index.php\/wp-json\/wp\/v2\/types\/post"}],"author":[{"embeddable":true,"href":"https:\/\/corrientesdetarde.com\/index.php\/wp-json\/wp\/v2\/users\/8"}],"replies":[{"embeddable":true,"href":"https:\/\/corrientesdetarde.com\/index.php\/wp-json\/wp\/v2\/comments?post=159198"}],"version-history":[{"count":1,"href":"https:\/\/corrientesdetarde.com\/index.php\/wp-json\/wp\/v2\/posts\/159198\/revisions"}],"predecessor-version":[{"id":159207,"href":"https:\/\/corrientesdetarde.com\/index.php\/wp-json\/wp\/v2\/posts\/159198\/revisions\/159207"}],"wp:featuredmedia":[{"embeddable":true,"href":"https:\/\/corrientesdetarde.com\/index.php\/wp-json\/wp\/v2\/media\/159203"}],"wp:attachment":[{"href":"https:\/\/corrientesdetarde.com\/index.php\/wp-json\/wp\/v2\/media?parent=159198"}],"wp:term":[{"taxonomy":"category","embeddable":true,"href":"https:\/\/corrientesdetarde.com\/index.php\/wp-json\/wp\/v2\/categories?post=159198"},{"taxonomy":"post_tag","embeddable":true,"href":"https:\/\/corrientesdetarde.com\/index.php\/wp-json\/wp\/v2\/tags?post=159198"}],"curies":[{"name":"wp","href":"https:\/\/api.w.org\/{rel}","templated":true}]}}