{"id":159219,"date":"2024-08-14T13:47:47","date_gmt":"2024-08-14T16:47:47","guid":{"rendered":"https:\/\/corrientesdetarde.com\/?p=159219"},"modified":"2024-08-14T13:47:52","modified_gmt":"2024-08-14T16:47:52","slug":"mas-de-300-presentes-en-la-jornada-provincial-de-chagas","status":"publish","type":"post","link":"https:\/\/corrientesdetarde.com\/index.php\/bienestar-y-salud\/mas-de-300-presentes-en-la-jornada-provincial-de-chagas\/","title":{"rendered":"M\u00e1s de 300 presentes en la jornada provincial de Chagas"},"content":{"rendered":"\n<p><em>Se realiz\u00f3 con el objetivo de ampliar conocimientos y planificar acciones para lograr la recertificaci\u00f3n de Corrientes libre de trasmisi\u00f3n vectorial. El acto de apertura fue presidio por el Ministro Ricardo Cardozo, quien destac\u00f3 el trabajo de quienes hicieron posible que la provincia logre la certificaci\u00f3n de libre de transmisi\u00f3n vectorial de Chagas.<\/em><\/p>\n\n\n\n<p>El Ministerio de Salud P\u00fablica, a trav\u00e9s de la Direcci\u00f3n General de Epidemiolog\u00eda, organiz\u00f3 la Jornada de Capacitaci\u00f3n Integral de Chagas \u201cCamino hacia la recertificaci\u00f3n de libre transmisi\u00f3n vectorial\u201d. La misma se llev\u00f3 adelante durante la ma\u00f1ana del mi\u00e9rcoles en el Hospital de Campa\u00f1a \u201cEscuela Hogar\u201d.<\/p>\n\n\n\n<p>En el encuentro, hubo presencia de autoridades nacionales y provinciales del \u00e1rea de la salud, as\u00ed como tambi\u00e9n personal sanitario de capital y del interior de Corrientes. Estuvieron, m\u00e1s de 200 personas de manera presencial y 100 de forma virtual.<\/p>\n\n\n\n<p>Desde el Ministerio de Salud de la Naci\u00f3n, en representaci\u00f3n de la Direcci\u00f3n de Control de Vectores, habl\u00f3 Javier L\u00f3pez Obrero. Transmiti\u00f3 saludos y felicit\u00f3 a la Provincia \u201cpor trabajar en la tem\u00e1tica y las l\u00edneas estrat\u00e9gicas\u201d que se llevan adelante, as\u00ed como las acciones que mejoran la calidad de vida de los correntinos.<\/p>\n\n\n\n<p>En la apertura del acto, el ministro de Salud P\u00fablica&nbsp;recod\u00f3 el trabajo que se hizo desde la provincia para la certificaci\u00f3n de libre de transmisi\u00f3n vectorial de Chagas. En este sentido, reconoci\u00f3 a las personas que se ocuparon de hacer esto posible.<\/p>\n\n\n\n<p>El titular de la cartera sanitaria, habl\u00f3 de la importancia de ocuparse de la parte humana adem\u00e1s de la vectorial. Nombr\u00f3 a diferentes especialistas y las tareas que llevaron adelante.<\/p>\n\n\n\n<p>\u201cEl Chagas es un indicador de subdesarrollo socioecon\u00f3mico y hay una responsabilidad muy importante en trabajar en estas cosas para que desaparezca definitivamente de la provincia\u201d, expres\u00f3 el ministro Ricardo Cardozo.<\/p>\n\n\n\n<p>&nbsp;\u201cVamos a seguir trabajando arduamente en todos los aspectos que dependen de nosotros. Pido tambi\u00e9n a las autoridades nacionales que sigan apoy\u00e1ndonos. Las bases nacionales que han estado en Corrientes han sido fundamentales. Necesitamos una mirada federal de la Naci\u00f3n en ese sentido, que nos ayude con las bases, insumos, etc. Son los argentinos que nacieron en Corrientes que necesitan una mirada federal de la Naci\u00f3n. No nos olvidemos de estas cosas\u201d, sostuvo Cardozo.<\/p>\n\n\n\n<p>Para finalizar, agradeci\u00f3 \u201cal querido personal del Ministerio de Salud P\u00fablica por el trabajo permanente\u201d y motiv\u00f3 a seguir trabajando ya que estas tareas \u201ctienen como consecuencia salvar vidas de correntinos\u201d.<\/p>\n\n\n\n<p>Por su parte, la directora general de Epidemiolog\u00eda,Angelina Bobadilla, agradeci\u00f3 la presencia de todas las personas que estuvieron en el encuentro y remarc\u00f3 que \u201cesta tarea nunca se ha interrumpido\u201d.<\/p>\n\n\n\n<p>\u201cDebemos seguir trabajando para sostener a la provincia como libre de transmisi\u00f3n vectorial y esta capacitaci\u00f3n es una de las actividades para la recertificaci\u00f3n. Vamos a tener una jornada muy rica con disertantes nacionales y provinciales. Hablaremos de diagn\u00f3stico y haremos mucho hincapi\u00e9 en lo que vamos a realizar camino a la recertificaci\u00f3n\u201d, indic\u00f3 la directora Angelina Bobadilla.<\/p>\n\n\n\n<p>A su turno, Lilian Perc\u00edncula, jefa del Programa Provincial de Chagas, agradeci\u00f3 la presencia del ministro Ricardo Cardozo y las dem\u00e1s autoridades de la cartera sanitaria presentes. A la vez, mencion\u00f3 que hubo participantes de manera virtual.<\/p>\n\n\n\n<p>\u201cEsta jornada de capacitaci\u00f3n es una puesta en marcha para trabajar todos juntos en la recertificaci\u00f3n de la provincia\u201d, resalt\u00f3 Perc\u00edncula.<\/p>\n\n\n\n<figure class=\"wp-block-image size-large\"><img loading=\"lazy\" decoding=\"async\" width=\"1024\" height=\"682\" src=\"https:\/\/corrientesdetarde.com\/wp-content\/uploads\/2024\/08\/image-460-1024x682.png\" alt=\"\" class=\"wp-image-159221\" srcset=\"https:\/\/corrientesdetarde.com\/wp-content\/uploads\/2024\/08\/image-460-1024x682.png 1024w, https:\/\/corrientesdetarde.com\/wp-content\/uploads\/2024\/08\/image-460-300x200.png 300w, https:\/\/corrientesdetarde.com\/wp-content\/uploads\/2024\/08\/image-460-768x512.png 768w, https:\/\/corrientesdetarde.com\/wp-content\/uploads\/2024\/08\/image-460-1536x1023.png 1536w, https:\/\/corrientesdetarde.com\/wp-content\/uploads\/2024\/08\/image-460.png 1600w\" sizes=\"auto, (max-width: 1024px) 100vw, 1024px\" \/><\/figure>\n\n\n\n<figure class=\"wp-block-image size-large\"><img loading=\"lazy\" decoding=\"async\" width=\"1024\" height=\"682\" src=\"https:\/\/corrientesdetarde.com\/wp-content\/uploads\/2024\/08\/image-461-1024x682.png\" alt=\"\" class=\"wp-image-159222\" srcset=\"https:\/\/corrientesdetarde.com\/wp-content\/uploads\/2024\/08\/image-461-1024x682.png 1024w, https:\/\/corrientesdetarde.com\/wp-content\/uploads\/2024\/08\/image-461-300x200.png 300w, https:\/\/corrientesdetarde.com\/wp-content\/uploads\/2024\/08\/image-461-768x512.png 768w, https:\/\/corrientesdetarde.com\/wp-content\/uploads\/2024\/08\/image-461-1536x1023.png 1536w, https:\/\/corrientesdetarde.com\/wp-content\/uploads\/2024\/08\/image-461.png 1600w\" sizes=\"auto, (max-width: 1024px) 100vw, 1024px\" \/><\/figure>\n","protected":false},"excerpt":{"rendered":"<p>Se realiz\u00f3 con el objetivo de ampliar conocimientos y planificar acciones para lograr la recertificaci\u00f3n de Corrientes libre de trasmisi\u00f3n vectorial. El acto de apertura fue presidio por el Ministro&hellip; <\/p>\n","protected":false},"author":8,"featured_media":159220,"comment_status":"closed","ping_status":"open","sticky":false,"template":"","format":"standard","meta":{"footnotes":""},"categories":[16],"tags":[],"class_list":["post-159219","post","type-post","status-publish","format-standard","has-post-thumbnail","hentry","category-bienestar-y-salud"],"_links":{"self":[{"href":"https:\/\/corrientesdetarde.com\/index.php\/wp-json\/wp\/v2\/posts\/159219","targetHints":{"allow":["GET"]}}],"collection":[{"href":"https:\/\/corrientesdetarde.com\/index.php\/wp-json\/wp\/v2\/posts"}],"about":[{"href":"https:\/\/corrientesdetarde.com\/index.php\/wp-json\/wp\/v2\/types\/post"}],"author":[{"embeddable":true,"href":"https:\/\/corrientesdetarde.com\/index.php\/wp-json\/wp\/v2\/users\/8"}],"replies":[{"embeddable":true,"href":"https:\/\/corrientesdetarde.com\/index.php\/wp-json\/wp\/v2\/comments?post=159219"}],"version-history":[{"count":1,"href":"https:\/\/corrientesdetarde.com\/index.php\/wp-json\/wp\/v2\/posts\/159219\/revisions"}],"predecessor-version":[{"id":159223,"href":"https:\/\/corrientesdetarde.com\/index.php\/wp-json\/wp\/v2\/posts\/159219\/revisions\/159223"}],"wp:featuredmedia":[{"embeddable":true,"href":"https:\/\/corrientesdetarde.com\/index.php\/wp-json\/wp\/v2\/media\/159220"}],"wp:attachment":[{"href":"https:\/\/corrientesdetarde.com\/index.php\/wp-json\/wp\/v2\/media?parent=159219"}],"wp:term":[{"taxonomy":"category","embeddable":true,"href":"https:\/\/corrientesdetarde.com\/index.php\/wp-json\/wp\/v2\/categories?post=159219"},{"taxonomy":"post_tag","embeddable":true,"href":"https:\/\/corrientesdetarde.com\/index.php\/wp-json\/wp\/v2\/tags?post=159219"}],"curies":[{"name":"wp","href":"https:\/\/api.w.org\/{rel}","templated":true}]}}