{"id":159224,"date":"2024-08-14T13:50:50","date_gmt":"2024-08-14T16:50:50","guid":{"rendered":"https:\/\/corrientesdetarde.com\/?p=159224"},"modified":"2024-08-14T13:51:01","modified_gmt":"2024-08-14T16:51:01","slug":"educacion-y-de-salud-firmaron-un-acuerdo-para-el-abordaje-integral-de-chagas","status":"publish","type":"post","link":"https:\/\/corrientesdetarde.com\/index.php\/destacados\/educacion-y-de-salud-firmaron-un-acuerdo-para-el-abordaje-integral-de-chagas\/","title":{"rendered":"Educaci\u00f3n y de Salud firmaron un acuerdo para el abordaje integral de Chagas"},"content":{"rendered":"\n<p>Mediante este convenio, ambas partes se comprometen a: intercambiar conocimientos, experiencias y recursos para fortalecer las acciones en el diagn\u00f3stico y vigilancia de la enfermedad de Chagas.<\/p>\n\n\n\n<p>Los Ministerios de Educaci\u00f3n y de Salud P\u00fablica, rubricaron esta ma\u00f1ana un acta acuerdo que tiene como objetivo principal coordinar acciones y estrategias para un abordaje integral de la enfermedad de Chagas. De esta manera se reafirma el compromiso de trabajar de manera conjunta para reducir el impacto de esta problem\u00e1tica en la provincia.<\/p>\n\n\n\n<p>&nbsp;\u201cEste convenio es para nosotros muy importante porque permite que nuestros alumnos aborden el tema y lo lleven a sus casas\u201d, dijo la ministra de Educaci\u00f3n Pr\u00e1xedes L\u00f3pez en tanto resalt\u00f3 la importancia de que Corrientes logre la recertificaci\u00f3n de provincia libre de transmisi\u00f3n por la vinchuca.<\/p>\n\n\n\n<p>En el mismo sentido, el ministro de Salud Ricardo Cardozo agradeci\u00f3 la firma de este convenio. \u201cLa problem\u00e1tica del Chagas se trabaja fuerte desde el 2001 y era una mancha que ten\u00eda Corrientes con 14 departamentos calientes en este tema\u201d, dijo y cont\u00f3 que hay una serie de factores que deben ser atacados para cubrir el tema del Chagas, \u201cen su momento as\u00ed lo hicimos y se declar\u00f3 a la provincia libre de transmisi\u00f3n por la vinchuca. Los datos aportados por Educaci\u00f3n fueron fundamentales para poder certificar\u201d, record\u00f3.<\/p>\n\n\n\n<p>Mediante este convenio, ambas partes se comprometen a: intercambiar conocimientos, experiencias y recursos para fortalecer las acciones en el diagn\u00f3stico y vigilancia de la enfermedad de Chagas. Impulsar estudios y proyectos de investigaci\u00f3n que permitan ampliar el conocimiento sobre la enfermedad y desarrollar nuevas herramientas para su prevenci\u00f3n y control.<\/p>\n\n\n\n<p>Adem\u00e1s de fomentar la formaci\u00f3n de recursos humanos en todos los niveles, asegurando que el personal de salud y educativo cuente con las competencias necesarias para abordar la enfermedad. Desarrollar acciones conjuntas dirigidas a la comunidad educativa, con el fin de promover h\u00e1bitos saludables y prevenir la transmisi\u00f3n de la enfermedad. Por \u00faltimo, las partes acuerdan producir y difundir informaci\u00f3n actualizada y confiable sobre la enfermedad de Chagas, facilitando as\u00ed la toma de decisiones basadas en evidencia.<\/p>\n\n\n\n<p>El acto cont\u00f3 adem\u00e1s con la presencia del subsecretario de Gesti\u00f3n Educativa Julio Nav\u00edas, la secretaria General del Ministerio de Educaci\u00f3n Pabla Muzzachiodi, la subsecretaria de Atenci\u00f3n Primaria de la Salud Alicia Pereira, la presidenta del Consejo General de Educaci\u00f3n Silvina Rollet, el director General de Nivel secundario Sergio Guti\u00e9rrez, la directora general de Ense\u00f1anza Privada Adriana Godoy, el director General de Gesti\u00f3n Hospitalaria Mario Rodr\u00edguez, la directora General de Epidemiolog\u00eda Angelina Bobadilla, la directora de enfermedades vectoriales y zoon\u00f3ticas, Claudia Ben\u00edtez Sosa y la jefa de departamento de Chagas Lilian Perc\u00edncula.<\/p>\n\n\n\n<figure class=\"wp-block-image size-large\"><img loading=\"lazy\" decoding=\"async\" width=\"1024\" height=\"683\" src=\"https:\/\/corrientesdetarde.com\/wp-content\/uploads\/2024\/08\/image-462-1024x683.png\" alt=\"\" class=\"wp-image-159225\" srcset=\"https:\/\/corrientesdetarde.com\/wp-content\/uploads\/2024\/08\/image-462-1024x683.png 1024w, https:\/\/corrientesdetarde.com\/wp-content\/uploads\/2024\/08\/image-462-300x200.png 300w, https:\/\/corrientesdetarde.com\/wp-content\/uploads\/2024\/08\/image-462-768x512.png 768w, https:\/\/corrientesdetarde.com\/wp-content\/uploads\/2024\/08\/image-462-1536x1024.png 1536w, https:\/\/corrientesdetarde.com\/wp-content\/uploads\/2024\/08\/image-462-2048x1365.png 2048w\" sizes=\"auto, (max-width: 1024px) 100vw, 1024px\" \/><\/figure>\n","protected":false},"excerpt":{"rendered":"<p>Mediante este convenio, ambas partes se comprometen a: intercambiar conocimientos, experiencias y recursos para fortalecer las acciones en el diagn\u00f3stico y vigilancia de la enfermedad de Chagas. Los Ministerios de&hellip; <\/p>\n","protected":false},"author":8,"featured_media":159226,"comment_status":"closed","ping_status":"open","sticky":false,"template":"","format":"standard","meta":{"footnotes":""},"categories":[26],"tags":[],"class_list":["post-159224","post","type-post","status-publish","format-standard","has-post-thumbnail","hentry","category-destacados"],"_links":{"self":[{"href":"https:\/\/corrientesdetarde.com\/index.php\/wp-json\/wp\/v2\/posts\/159224","targetHints":{"allow":["GET"]}}],"collection":[{"href":"https:\/\/corrientesdetarde.com\/index.php\/wp-json\/wp\/v2\/posts"}],"about":[{"href":"https:\/\/corrientesdetarde.com\/index.php\/wp-json\/wp\/v2\/types\/post"}],"author":[{"embeddable":true,"href":"https:\/\/corrientesdetarde.com\/index.php\/wp-json\/wp\/v2\/users\/8"}],"replies":[{"embeddable":true,"href":"https:\/\/corrientesdetarde.com\/index.php\/wp-json\/wp\/v2\/comments?post=159224"}],"version-history":[{"count":1,"href":"https:\/\/corrientesdetarde.com\/index.php\/wp-json\/wp\/v2\/posts\/159224\/revisions"}],"predecessor-version":[{"id":159227,"href":"https:\/\/corrientesdetarde.com\/index.php\/wp-json\/wp\/v2\/posts\/159224\/revisions\/159227"}],"wp:featuredmedia":[{"embeddable":true,"href":"https:\/\/corrientesdetarde.com\/index.php\/wp-json\/wp\/v2\/media\/159226"}],"wp:attachment":[{"href":"https:\/\/corrientesdetarde.com\/index.php\/wp-json\/wp\/v2\/media?parent=159224"}],"wp:term":[{"taxonomy":"category","embeddable":true,"href":"https:\/\/corrientesdetarde.com\/index.php\/wp-json\/wp\/v2\/categories?post=159224"},{"taxonomy":"post_tag","embeddable":true,"href":"https:\/\/corrientesdetarde.com\/index.php\/wp-json\/wp\/v2\/tags?post=159224"}],"curies":[{"name":"wp","href":"https:\/\/api.w.org\/{rel}","templated":true}]}}