{"id":159234,"date":"2024-08-14T14:22:23","date_gmt":"2024-08-14T17:22:23","guid":{"rendered":"https:\/\/corrientesdetarde.com\/?p=159234"},"modified":"2024-08-14T14:22:34","modified_gmt":"2024-08-14T17:22:34","slug":"concierto-de-guitarra-con-antoliano-rojas-en-la-legislatura","status":"publish","type":"post","link":"https:\/\/corrientesdetarde.com\/index.php\/eventossociedad\/concierto-de-guitarra-con-antoliano-rojas-en-la-legislatura\/","title":{"rendered":"Concierto de guitarra con Antoliano Rojas en la Legislatura"},"content":{"rendered":"\n<p>CON ACOMPA\u00d1AMIENTO DE LA FILARM\u00d3NICA ESTUDIANTIL<br><br>El pr\u00f3ximo jueves 15 de agosto a las 20:30 horas, la Vicegobernaci\u00f3n de Corrientes, a trav\u00e9s de su \u00e1rea Cultura Senado, invita al concierto de guitarra de Antoliano Rojas, qui\u00e9n adem\u00e1s contar\u00e1 con el acompa\u00f1amiento del elenco estable del Senado, la Filarm\u00f3nica Estudiantil. El espect\u00e1culo se realizar\u00e1 en el Hall de la Legislatura provincial.<br>El guitarrista Antoliano Rojas posee una gran trayectoria como concertista. Tom\u00f3 clases de guitarra particulares con el Maestro Abel Carlevaro, adem\u00e1s de sus seminarios c\u00e9lebres. Viaj\u00f3 a Espa\u00f1a como guitarrista, con el Teatro San Mart\u00edn de Buenos Aires.<br>A lo largo de su carrera, realiz\u00f3 numerosas presentaciones en importantes escenarios como el Sal\u00f3n de Actos del Colegio Nacional Buenos Aires y el Sal\u00f3n Dorado de la Casa de la Cultura de la Municipalidad de Buenos Aires. Tambi\u00e9n se present\u00f3 en conocidos lugares de la escena musical porte\u00f1a como Cl\u00e1sica y Moderna, Velma Caf\u00e9 y La Dama de Bollini.<br>Asimismo particip\u00f3 como guitarrista en obras de teatro con actrices como Ingrid Pelicori y Virginia Lago entre otras. Actu\u00f3 en Buenos Aires en la m\u00edtica &#8220;Cl\u00e1sica &amp; Moderna&#8221; entre otros lugares. Tiene tres CDs editados. Particip\u00f3 en festivales de Jazz en Corrientes y Resistencia.<br>En el \u00faltimo tiempo, septiembre de 2022, particip\u00f3 en el Festival de Jazz en el Chaco &#8220;Chaco merece Jazz&#8221;. Desde 2021 hasta enero de 2024, realiz\u00f3 recitales espor\u00e1dicos y particip\u00f3 en &#8220;Verano Continental&#8221; y en el Museo Arqueol\u00f3gico Casa Mart\u00ednez con el programa &#8220;Guitarra Orquestal&#8221;. Desde mayo de 2024, ensaya con la Orquesta Filarm\u00f3nica Estudiantil dirigida por el maestro Facundo Maidana, preparando el Concierto en Re de Vivaldi (RV 93).<br>El evento musical es de acceso libre y gratuito.<\/p>\n\n\n\n<figure class=\"wp-block-image size-large\"><img decoding=\"async\" src=\"https:\/\/corrientesdetarde.com\/wp-content\/uploads\/2024\/08\/WhatsApp-Image-2024-08-14-at-13.08.50_a38c4bfc-838x1024.jpg\" alt=\"\" class=\"wp-image-159235\"\/><\/figure>\n","protected":false},"excerpt":{"rendered":"<p>CON ACOMPA\u00d1AMIENTO DE LA FILARM\u00d3NICA ESTUDIANTIL El pr\u00f3ximo jueves 15 de agosto a las 20:30 horas, la Vicegobernaci\u00f3n de Corrientes, a trav\u00e9s de su \u00e1rea Cultura Senado, invita al concierto&hellip; <\/p>\n","protected":false},"author":1,"featured_media":159235,"comment_status":"closed","ping_status":"open","sticky":false,"template":"","format":"standard","meta":{"footnotes":""},"categories":[1208],"tags":[],"class_list":["post-159234","post","type-post","status-publish","format-standard","has-post-thumbnail","hentry","category-eventossociedad"],"_links":{"self":[{"href":"https:\/\/corrientesdetarde.com\/index.php\/wp-json\/wp\/v2\/posts\/159234","targetHints":{"allow":["GET"]}}],"collection":[{"href":"https:\/\/corrientesdetarde.com\/index.php\/wp-json\/wp\/v2\/posts"}],"about":[{"href":"https:\/\/corrientesdetarde.com\/index.php\/wp-json\/wp\/v2\/types\/post"}],"author":[{"embeddable":true,"href":"https:\/\/corrientesdetarde.com\/index.php\/wp-json\/wp\/v2\/users\/1"}],"replies":[{"embeddable":true,"href":"https:\/\/corrientesdetarde.com\/index.php\/wp-json\/wp\/v2\/comments?post=159234"}],"version-history":[{"count":1,"href":"https:\/\/corrientesdetarde.com\/index.php\/wp-json\/wp\/v2\/posts\/159234\/revisions"}],"predecessor-version":[{"id":159236,"href":"https:\/\/corrientesdetarde.com\/index.php\/wp-json\/wp\/v2\/posts\/159234\/revisions\/159236"}],"wp:featuredmedia":[{"embeddable":true,"href":"https:\/\/corrientesdetarde.com\/index.php\/wp-json\/wp\/v2\/media\/159235"}],"wp:attachment":[{"href":"https:\/\/corrientesdetarde.com\/index.php\/wp-json\/wp\/v2\/media?parent=159234"}],"wp:term":[{"taxonomy":"category","embeddable":true,"href":"https:\/\/corrientesdetarde.com\/index.php\/wp-json\/wp\/v2\/categories?post=159234"},{"taxonomy":"post_tag","embeddable":true,"href":"https:\/\/corrientesdetarde.com\/index.php\/wp-json\/wp\/v2\/tags?post=159234"}],"curies":[{"name":"wp","href":"https:\/\/api.w.org\/{rel}","templated":true}]}}